{"id":933,"date":"2016-05-22T14:21:11","date_gmt":"2016-05-22T20:21:11","guid":{"rendered":"http:\/\/psicologosyterapiadf.com.mx\/blog\/?p=933"},"modified":"2016-05-25T08:45:17","modified_gmt":"2016-05-25T14:45:17","slug":"pedagogia-del-miedo","status":"publish","type":"post","link":"https:\/\/psicologosyterapiadf.com.mx\/blog\/2016\/05\/22\/pedagogia-del-miedo\/","title":{"rendered":"Pedagog\u00eda del miedo"},"content":{"rendered":"<p>Me tiemblan las piernas, se me olvida todo lo que siempre llevo en mi cabeza, me dicen que lo mejor no es ver abajo. Lo hago, me pongo m\u00e1s tenso, mi coraz\u00f3n se acelera, respiro hondo, miro a un lado, luego al otro, se oye mucho aire, hace calor, pero siento fr\u00edo, a\u00fan cuando sin lentes no veo, todo cobra m\u00e1s nitidez, mis pies descalzos sienten la piedra dura.<\/p>\n<p>&nbsp;<\/p>\n<p>Imagino: si me patino y caigo mal, si me pego con una piedra\u2026<\/p>\n<p>&nbsp;<\/p>\n<figure id=\"attachment_936\" aria-describedby=\"caption-attachment-936\" style=\"width: 300px\" class=\"wp-caption alignleft\"><img decoding=\"async\" loading=\"lazy\" class=\"size-medium wp-image-936\" src=\"http:\/\/psicologosyterapiadf.com.mx\/blog\/wp-content\/uploads\/2016\/05\/cascada_las_brisas-300x200.jpg\" alt=\"cascada_las_brisas\" width=\"300\" height=\"200\" srcset=\"https:\/\/psicologosyterapiadf.com.mx\/blog\/wp-content\/uploads\/2016\/05\/cascada_las_brisas-300x200.jpg 300w, https:\/\/psicologosyterapiadf.com.mx\/blog\/wp-content\/uploads\/2016\/05\/cascada_las_brisas-768x513.jpg 768w, https:\/\/psicologosyterapiadf.com.mx\/blog\/wp-content\/uploads\/2016\/05\/cascada_las_brisas.jpg 800w\" sizes=\"(max-width: 300px) 100vw, 300px\" \/><figcaption id=\"caption-attachment-936\" class=\"wp-caption-text\">En este lugar fue el segundo salto.<\/figcaption><\/figure>\n<p><!--more--><\/p>\n<p>No es tan alto, pero cuando uno est\u00e1 en el borde, la reacci\u00f3n autom\u00e1tica es voltear abajo, sentir v\u00e9rtigo, y no querer lanzarse. Se establece un c\u00edrculo vicioso: miras abajo, sientes m\u00e1s miedo, te paralizas\u2026<\/p>\n<p>&nbsp;<\/p>\n<p>El miedo se incrementa, cada segundo la par\u00e1lisis se incrementa.<\/p>\n<p>&nbsp;<\/p>\n<p>Eso pensaba antes de saltar de dos rocas al agua antier y el d\u00eda previo, una en mar abierto, la otra en una cascada. Es precioso el paisaje, pero s\u00f3lo da miedo.<\/p>\n<p>&nbsp;<\/p>\n<p>Un par de veces intent\u00e9 aventarme, s\u00f3lo echaba los brazos para atr\u00e1s como para agarrar impulso, tend\u00eda un poco el cuerpo adelante y me quedaba tembloroso con el tronco hacia adelante y la cadera con las piernas atr\u00e1s manoteando en el aire para conservar el equilibrio y decidir de \u00faltimo momento no hacerlo. Volteaba a ver a todos lados para buscar algo que me tranquilizara sin hallarlo.<\/p>\n<p>&nbsp;<\/p>\n<p>Por fin, lance un pie adelante y medio me impuls\u00e9 con el otro, con los brazos abiertos, grito, cierro los ojos y s\u00f3lo se siente un golpe fresco y un murmullo de burbujas satisfactorio mientras sac\u00f3 el agua por la nariz, me quedo un momento ah\u00ed abajo, salgo muy contento y acelerado.<\/p>\n<p>&nbsp;<\/p>\n<p>Lo \u00fanico en lo que pienso es que quiero volver a saltar.<\/p>\n<figure id=\"attachment_937\" aria-describedby=\"caption-attachment-937\" style=\"width: 300px\" class=\"wp-caption alignleft\"><img decoding=\"async\" loading=\"lazy\" class=\"size-medium wp-image-937\" src=\"http:\/\/psicologosyterapiadf.com.mx\/blog\/wp-content\/uploads\/2016\/05\/playa_la_mina-300x200.jpg\" alt=\"playa_la_mina\" width=\"300\" height=\"200\" srcset=\"https:\/\/psicologosyterapiadf.com.mx\/blog\/wp-content\/uploads\/2016\/05\/playa_la_mina-300x200.jpg 300w, https:\/\/psicologosyterapiadf.com.mx\/blog\/wp-content\/uploads\/2016\/05\/playa_la_mina.jpg 350w\" sizes=\"(max-width: 300px) 100vw, 300px\" \/><figcaption id=\"caption-attachment-937\" class=\"wp-caption-text\">La playa del primer salto<\/figcaption><\/figure>\n<p>Salto varias veces, en todas hay miedo, pero la primera vez fue la que m\u00e1s temor me gener\u00f3. En todos los saltos fue muy rico dejar de pensar o preocuparme por nada que no fuera estar ah\u00ed, al borde del vac\u00edo, y dejar de pensar en el breve momento en el aire antes de tocar el agua fue delicioso, pienso demasiado y valoro cada pausa que puedo dejar de hacerlo.<\/p>\n<p>&nbsp;<\/p>\n<p>Creo que todos tenemos rocas y saltos en nuestra vida, pero a veces son muy sutiles y el miedo que vivimos es silencioso y elegante, pero con el paso del tiempo se hace m\u00e1s fuerte y nos inventamos pretextos que no nos dejen saltar.<\/p>\n<p>&nbsp;<\/p>\n<p>Creo que el miedo es normal, y creo que la satisfacci\u00f3n de volver a vivir algo que nos da miedo, pero no nos lastima, es uno de los grandes placeres de la vida.<\/p>\n<p>&nbsp;<\/p>\n<p>Arturo Hern\u00e1ndez Vera, especialista en dependencia emocional, infidelidad, celos y resolver ruptura de pareja<\/p>\n<p>Psic\u00f3logos y terapia individual y de pareja en el D.F., ahora CDMX.<\/p>\n<p>artherver@yahoo.com.mx<\/p>\n<p>0445530729624<\/p>\n<p>&nbsp;<\/p>\n","protected":false},"excerpt":{"rendered":"<p>Descripci\u00f3n del miedo antes de saltar de un risco en una playa de Oaxaca en Puerto \u00c1ngel<\/p>\n","protected":false},"author":1,"featured_media":0,"comment_status":"open","ping_status":"open","sticky":false,"template":"","format":"standard","meta":[],"categories":[9,54],"tags":[120,204,205],"_links":{"self":[{"href":"https:\/\/psicologosyterapiadf.com.mx\/blog\/wp-json\/wp\/v2\/posts\/933"}],"collection":[{"href":"https:\/\/psicologosyterapiadf.com.mx\/blog\/wp-json\/wp\/v2\/posts"}],"about":[{"href":"https:\/\/psicologosyterapiadf.com.mx\/blog\/wp-json\/wp\/v2\/types\/post"}],"author":[{"embeddable":true,"href":"https:\/\/psicologosyterapiadf.com.mx\/blog\/wp-json\/wp\/v2\/users\/1"}],"replies":[{"embeddable":true,"href":"https:\/\/psicologosyterapiadf.com.mx\/blog\/wp-json\/wp\/v2\/comments?post=933"}],"version-history":[{"count":0,"href":"https:\/\/psicologosyterapiadf.com.mx\/blog\/wp-json\/wp\/v2\/posts\/933\/revisions"}],"wp:attachment":[{"href":"https:\/\/psicologosyterapiadf.com.mx\/blog\/wp-json\/wp\/v2\/media?parent=933"}],"wp:term":[{"taxonomy":"category","embeddable":true,"href":"https:\/\/psicologosyterapiadf.com.mx\/blog\/wp-json\/wp\/v2\/categories?post=933"},{"taxonomy":"post_tag","embeddable":true,"href":"https:\/\/psicologosyterapiadf.com.mx\/blog\/wp-json\/wp\/v2\/tags?post=933"}],"curies":[{"name":"wp","href":"https:\/\/api.w.org\/{rel}","templated":true}]}}