{"id":8555,"date":"2024-06-07T15:30:48","date_gmt":"2024-06-07T21:30:48","guid":{"rendered":"https:\/\/psicologosyterapiadf.com.mx\/blog\/?p=8555"},"modified":"2024-06-08T08:46:04","modified_gmt":"2024-06-08T14:46:04","slug":"como-ser-presente","status":"publish","type":"post","link":"https:\/\/psicologosyterapiadf.com.mx\/blog\/2024\/06\/07\/como-ser-presente\/","title":{"rendered":"C\u00f3mo ser presente"},"content":{"rendered":"<p><img decoding=\"async\" loading=\"lazy\" class=\"aligncenter size-medium wp-image-8604\" src=\"https:\/\/psicologosyterapiadf.com.mx\/blog\/wp-content\/uploads\/2024\/04\/Ser-presente-psicologos-terapia-df-narvarte-300x300.jpg\" alt=\"\" width=\"300\" height=\"300\" srcset=\"https:\/\/psicologosyterapiadf.com.mx\/blog\/wp-content\/uploads\/2024\/04\/Ser-presente-psicologos-terapia-df-narvarte-300x300.jpg 300w, https:\/\/psicologosyterapiadf.com.mx\/blog\/wp-content\/uploads\/2024\/04\/Ser-presente-psicologos-terapia-df-narvarte-1030x1030.jpg 1030w, https:\/\/psicologosyterapiadf.com.mx\/blog\/wp-content\/uploads\/2024\/04\/Ser-presente-psicologos-terapia-df-narvarte-80x80.jpg 80w, https:\/\/psicologosyterapiadf.com.mx\/blog\/wp-content\/uploads\/2024\/04\/Ser-presente-psicologos-terapia-df-narvarte-768x768.jpg 768w, https:\/\/psicologosyterapiadf.com.mx\/blog\/wp-content\/uploads\/2024\/04\/Ser-presente-psicologos-terapia-df-narvarte.jpg 1200w\" sizes=\"(max-width: 300px) 100vw, 300px\" \/><\/p>\n<p>Tiendo a viajarme al pasado.<\/p>\n<p>&nbsp;<\/p>\n<p>Me atoro con facilidad en mis recuerdos, al revisar mis diarios, o escuchar canciones, repetir pel\u00edculas o recorridos&#8230; y lo digital no es una excepci\u00f3n:<\/p>\n<p>&nbsp;<\/p>\n<p>Ayer me lleg\u00f3 un correo de &#8220;Mis Rutas&#8221; de Google maps. En ese momento record\u00e9 la idea de entregarme al presente, lo que no me es muy f\u00e1cil por mi compulsi\u00f3n a tomar como referencia el pasado e idealizarlo para distraerme de mi ahora.<\/p>\n<p><!--more--><\/p>\n<p>Cach\u00e9 que ver &#8220;MIS RUTAS&#8221; es ir al pasado para reciclar.<\/p>\n<p>&nbsp;<\/p>\n<p>Creo que parte de la magia de sentirme tan pleno a veces, viene de soltar evidencias pasadas: dejar de ver agenda, calendario, conversaciones de WhatsApp, fotos&#8230;<\/p>\n<p>&nbsp;<\/p>\n<p>Dejar de alimentar el mundo interno con est\u00edmulos si estos me generan dolor, competencia, a\u00f1oranza, sensaci\u00f3n de p\u00e9rdida o insuficiencia.<\/p>\n<p>&nbsp;<\/p>\n<p>Dejar de anclarme al pasado es un entrenamiento.<\/p>\n<p>&nbsp;<\/p>\n<p>Y hacerlo de forma gradual si no estoy acostumbrado, me lleva a construir inercia en ser presente.<\/p>\n<p>&nbsp;<\/p>\n<p>Quiz\u00e1 no pueda evitar pensamientos y recuerdos intrusivos, pero s\u00ed puedo regular alimentarlos con est\u00edmulos externos.<\/p>\n","protected":false},"excerpt":{"rendered":"<p>Psic\u00f3logo de M\u00e9xico DF describe 1 estrategia para ser presente: anticipa y corta est\u00edmulos que alimenten recuerdos innecesarios.<\/p>\n","protected":false},"author":1,"featured_media":0,"comment_status":"open","ping_status":"open","sticky":false,"template":"","format":"standard","meta":[],"categories":[231,3,54],"tags":[524],"_links":{"self":[{"href":"https:\/\/psicologosyterapiadf.com.mx\/blog\/wp-json\/wp\/v2\/posts\/8555"}],"collection":[{"href":"https:\/\/psicologosyterapiadf.com.mx\/blog\/wp-json\/wp\/v2\/posts"}],"about":[{"href":"https:\/\/psicologosyterapiadf.com.mx\/blog\/wp-json\/wp\/v2\/types\/post"}],"author":[{"embeddable":true,"href":"https:\/\/psicologosyterapiadf.com.mx\/blog\/wp-json\/wp\/v2\/users\/1"}],"replies":[{"embeddable":true,"href":"https:\/\/psicologosyterapiadf.com.mx\/blog\/wp-json\/wp\/v2\/comments?post=8555"}],"version-history":[{"count":8,"href":"https:\/\/psicologosyterapiadf.com.mx\/blog\/wp-json\/wp\/v2\/posts\/8555\/revisions"}],"predecessor-version":[{"id":8606,"href":"https:\/\/psicologosyterapiadf.com.mx\/blog\/wp-json\/wp\/v2\/posts\/8555\/revisions\/8606"}],"wp:attachment":[{"href":"https:\/\/psicologosyterapiadf.com.mx\/blog\/wp-json\/wp\/v2\/media?parent=8555"}],"wp:term":[{"taxonomy":"category","embeddable":true,"href":"https:\/\/psicologosyterapiadf.com.mx\/blog\/wp-json\/wp\/v2\/categories?post=8555"},{"taxonomy":"post_tag","embeddable":true,"href":"https:\/\/psicologosyterapiadf.com.mx\/blog\/wp-json\/wp\/v2\/tags?post=8555"}],"curies":[{"name":"wp","href":"https:\/\/api.w.org\/{rel}","templated":true}]}}