{"id":8344,"date":"2023-11-18T15:57:18","date_gmt":"2023-11-18T21:57:18","guid":{"rendered":"https:\/\/psicologosyterapiadf.com.mx\/blog\/?p=8344"},"modified":"2023-11-20T17:02:10","modified_gmt":"2023-11-20T23:02:10","slug":"mis-miedos-infantiles-que-que-creo-preocupaciones-adultas","status":"publish","type":"post","link":"https:\/\/psicologosyterapiadf.com.mx\/blog\/2023\/11\/18\/mis-miedos-infantiles-que-que-creo-preocupaciones-adultas\/","title":{"rendered":"Mis miedos infantiles que que creo preocupaciones adultas"},"content":{"rendered":"<p><img decoding=\"async\" loading=\"lazy\" class=\"aligncenter size-medium wp-image-8348\" src=\"https:\/\/psicologosyterapiadf.com.mx\/blog\/wp-content\/uploads\/2023\/11\/Miedos-preocupaciones-psicologos-terapia-df-cdmx-300x229.jpeg\" alt=\"\" width=\"300\" height=\"229\" srcset=\"https:\/\/psicologosyterapiadf.com.mx\/blog\/wp-content\/uploads\/2023\/11\/Miedos-preocupaciones-psicologos-terapia-df-cdmx-300x229.jpeg 300w, https:\/\/psicologosyterapiadf.com.mx\/blog\/wp-content\/uploads\/2023\/11\/Miedos-preocupaciones-psicologos-terapia-df-cdmx.jpeg 634w\" sizes=\"(max-width: 300px) 100vw, 300px\" \/><\/p>\n<p>Una paciente me contaba de su sobrina&#8230;<\/p>\n<p>Tiene 12 a\u00f1os y su mam\u00e1\u00a0 le encontr\u00f3 un hueco en el cuero cabelludo&#8230;<\/p>\n<p>Al parecer se estaba rascando por ansiedad.<\/p>\n<p><!--more--><\/p>\n<p>Le preguntaron qu\u00e9 la preocupaba.<\/p>\n<p>Ella respondi\u00f3 que dejar de estar en la escolta, bajar su promedio, no seguir su asistencia a un mont\u00f3n de clases extra que toma, como telas, cocina y dibujo.<\/p>\n<p>&nbsp;<\/p>\n<p>Mi paciente le dijo a su hermana que no la presionar\u00e1 tanto.<\/p>\n<p>\u00c9sta le respondi\u00f3 que nadie le exig\u00eda,\u00a0 ni la obligaba a nada, que era ella sola la que se agobiaba a\u00fan cuando los pap\u00e1s le suger\u00edan que estaba haciendo demasiadas cosas.<\/p>\n<p>&nbsp;<\/p>\n<p>Mi paciente le dijo que era desconcertante c\u00f3mo nos exigimos tanto en la escuela y que muchas veces resulta que el que menos se esforzaba o reprobaba, ahora termina siendo el jefe del matado&#8230;<\/p>\n<p>&nbsp;<\/p>\n<p>Y yo me qued\u00e9 pensando en que a lo mejor soy como su sobrina de 12 a\u00f1os&#8230;<\/p>\n<p>&nbsp;<\/p>\n<p>Que me estreso de m\u00e1s y ocupo la misma plantilla de presi\u00f3n que a los ojos de un adulto que ya concluy\u00f3 esa etapa parece tan fr\u00edvola&#8230;<\/p>\n<p>&nbsp;<\/p>\n<p>La misma historia de terror s\u00f3lo cambia los monstruos&#8230;<\/p>\n<p>antes era Jason de Viernes 13, ahora es la nueva versi\u00f3n de Michael Myers de Halloween&#8230;<\/p>\n<p>&nbsp;<\/p>\n<p>Antes era reprobar, bajar el promedio, que mi pap\u00e1 o un maestro se enojara conmigo por no cumplir expectativas&#8230;<\/p>\n<p>&nbsp;<\/p>\n<p>Ahora es no ahorrar suficiente para la vejez, o no pagar la hipoteca o la renta, no &#8220;explotar mi potencial&#8221;,\u00a0 o no tener una vida equilibrada&#8230;<\/p>\n<p>&nbsp;<\/p>\n<p>La misma pel\u00edcula de terror que a ojos de un espectador externo no es m\u00e1s que una ficci\u00f3n exagerada con la que se come unas palomitas, pero que para el protagonista es una preocupaci\u00f3n adulta y responsable que es igual de rigurosa que el estr\u00e9s de un ni\u00f1o en la escuela que no se da cuenta de que no es tan importante lo que tanto le asusta que pase.<\/p>\n<p style=\"text-align: left;\">\n","protected":false},"excerpt":{"rendered":"<p>Psic\u00f3logo de M\u00e9xico DF describe como nuestros miedos adultos son tan parecidos a los de un ni\u00f1o. <\/p>\n","protected":false},"author":1,"featured_media":0,"comment_status":"open","ping_status":"open","sticky":false,"template":"","format":"standard","meta":[],"categories":[231,216,248],"tags":[508,542],"_links":{"self":[{"href":"https:\/\/psicologosyterapiadf.com.mx\/blog\/wp-json\/wp\/v2\/posts\/8344"}],"collection":[{"href":"https:\/\/psicologosyterapiadf.com.mx\/blog\/wp-json\/wp\/v2\/posts"}],"about":[{"href":"https:\/\/psicologosyterapiadf.com.mx\/blog\/wp-json\/wp\/v2\/types\/post"}],"author":[{"embeddable":true,"href":"https:\/\/psicologosyterapiadf.com.mx\/blog\/wp-json\/wp\/v2\/users\/1"}],"replies":[{"embeddable":true,"href":"https:\/\/psicologosyterapiadf.com.mx\/blog\/wp-json\/wp\/v2\/comments?post=8344"}],"version-history":[{"count":5,"href":"https:\/\/psicologosyterapiadf.com.mx\/blog\/wp-json\/wp\/v2\/posts\/8344\/revisions"}],"predecessor-version":[{"id":8351,"href":"https:\/\/psicologosyterapiadf.com.mx\/blog\/wp-json\/wp\/v2\/posts\/8344\/revisions\/8351"}],"wp:attachment":[{"href":"https:\/\/psicologosyterapiadf.com.mx\/blog\/wp-json\/wp\/v2\/media?parent=8344"}],"wp:term":[{"taxonomy":"category","embeddable":true,"href":"https:\/\/psicologosyterapiadf.com.mx\/blog\/wp-json\/wp\/v2\/categories?post=8344"},{"taxonomy":"post_tag","embeddable":true,"href":"https:\/\/psicologosyterapiadf.com.mx\/blog\/wp-json\/wp\/v2\/tags?post=8344"}],"curies":[{"name":"wp","href":"https:\/\/api.w.org\/{rel}","templated":true}]}}