{"id":8304,"date":"2023-10-26T07:56:21","date_gmt":"2023-10-26T13:56:21","guid":{"rendered":"https:\/\/psicologosyterapiadf.com.mx\/blog\/?p=8304"},"modified":"2023-10-26T18:58:02","modified_gmt":"2023-10-27T00:58:02","slug":"que-deberias-hacer","status":"publish","type":"post","link":"https:\/\/psicologosyterapiadf.com.mx\/blog\/2023\/10\/26\/que-deberias-hacer\/","title":{"rendered":"Qu\u00e9 &#8220;deber\u00edas&#8221; hacer"},"content":{"rendered":"<p>El otro d\u00eda abrumado, empec\u00e9 a decirme que deber\u00eda ser m\u00e1s congruente&#8230;<\/p>\n<p>Era una de varias exigencias nebulosas que se filtraban con mi preocupaci\u00f3n.<\/p>\n<p>De pronto ca\u00ed en la cuenta que ya llevaba varias&#8230;<\/p>\n<p>&#8220;Deber\u00edas de ser m\u00e1s maduro&#8221;, &#8220;deber\u00edas de ser menos infantil&#8221;, &#8220;deber\u00edas de ser menos dram\u00e1tico&#8221;&#8230;<\/p>\n<p><img decoding=\"async\" loading=\"lazy\" class=\"aligncenter size-medium wp-image-8313\" src=\"https:\/\/psicologosyterapiadf.com.mx\/blog\/wp-content\/uploads\/2023\/10\/Deberias-hacer-psicologos-terapia-df-cdmx-narvarte-240x300.jpeg\" alt=\"\" width=\"240\" height=\"300\" srcset=\"https:\/\/psicologosyterapiadf.com.mx\/blog\/wp-content\/uploads\/2023\/10\/Deberias-hacer-psicologos-terapia-df-cdmx-narvarte-240x300.jpeg 240w, https:\/\/psicologosyterapiadf.com.mx\/blog\/wp-content\/uploads\/2023\/10\/Deberias-hacer-psicologos-terapia-df-cdmx-narvarte.jpeg 495w\" sizes=\"(max-width: 240px) 100vw, 240px\" \/><\/p>\n<p><!--more--><\/p>\n<p>Normalmente le digo a los pacientes que esas frases son br\u00fajulas para empezar a orientarse y\u00a0 cultivar la amabilidad consigo mismos&#8230;<\/p>\n<p>Y ah\u00ed estaba yo, exigi\u00e9ndome congruencia.<\/p>\n<p>&nbsp;<\/p>\n<p>Sin poder frenar la autocr\u00edtica y luchando contra ella.<\/p>\n<p>&nbsp;<\/p>\n<p>Y descubr\u00ed alivio por accidente en esa presi\u00f3n.<\/p>\n<p>&nbsp;<\/p>\n<p>Me ped\u00ed seguir, me ped\u00ed toda la lista de &#8220;deber\u00edas&#8221; que pudieran ocurr\u00edrseme en ese momento:<\/p>\n<p>&nbsp;<\/p>\n<p>Deber\u00edas ahorrar m\u00e1s,<\/p>\n<p>Deber\u00edas trabajar m\u00e1s,<\/p>\n<p>Deber\u00edas ser m\u00e1s emp\u00e1tico,<\/p>\n<p>Deber\u00edas aplicarte m\u00e1s con la dieta,<\/p>\n<p>No deber\u00edas de ser tan r\u00edgido&#8230;<\/p>\n<p>&nbsp;<\/p>\n<p>\u00a1Momento!<\/p>\n<p>&nbsp;<\/p>\n<p>Eso fue bueno:<\/p>\n<p>&nbsp;<\/p>\n<p>deber\u00eda aplicarme m\u00e1s, pero tambi\u00e9n ser m\u00e1s flexible&#8230;<\/p>\n<p>&nbsp;<\/p>\n<p>La historia de mi vida:<\/p>\n<p>&nbsp;<\/p>\n<p>la b\u00fasqueda del &#8220;equilibrio&#8221;, que en realidad es una automatizaci\u00f3n del rigor con uno mismo y el camino m\u00e1s efectivo y r\u00e1pido para la fragmentaci\u00f3n y la inconformidad.<\/p>\n<p>&nbsp;<\/p>\n<p>Ah\u00ed empez\u00f3 a dibujarse algo de paz.<\/p>\n<p>&nbsp;<\/p>\n<p>Y segu\u00ed con todos los &#8220;deber\u00edas&#8221;, &#8220;no deber\u00edas&#8221;, &#8220;tengos que&#8221; y &#8220;no tengos que&#8221;.<\/p>\n<p>Verbigracia:<\/p>\n<p>&nbsp;<\/p>\n<p>Deber\u00edas ser m\u00e1s limpio,<\/p>\n<p>Deber\u00edas ser menos exigente contigo,<\/p>\n<p>Deber\u00edas ser m\u00e1s desapegado,<\/p>\n<p>Deber\u00edas ser m\u00e1s compartido,<\/p>\n<p>Deber\u00edas ser m\u00e1s asertivo,<\/p>\n<p>(Pero tambi\u00e9n) Deber\u00edas poner l\u00edmites m\u00e1s claros,<\/p>\n<p>Deber\u00edas de dejar de analizar tanto,<\/p>\n<p>(Pero tambi\u00e9n) No deber\u00edas de ser tan visceral&#8230;<\/p>\n<p>&nbsp;<\/p>\n<p>El punto es:<\/p>\n<p>Me doy cuenta:<\/p>\n<p>Primero, que estoy condicionado a exigirme de forma sistem\u00e1tica,<\/p>\n<p>Segundo, que esa estrategia deja de ser efectiva para movimientos concretos si no le pongo freno,<\/p>\n<p>&nbsp;<\/p>\n<p>Tercero, que no es f\u00e1cil frenar esa inercia&#8230;.<\/p>\n<p>&nbsp;<\/p>\n<p>Pero que, cuarto, ir\u00f3nicamente, si la dejo irse como hilo de media en lugar de actuarla o intentar argumentar con ella, puedo encontrar tranquilidad al descubrir lo reactiva y contradictoria que llega a ser.<\/p>\n<p>&nbsp;<\/p>\n<p>Para cerrar: vale la pena que la pr\u00f3xima vez que te abrumes, consideres esto que describo arriba: suelta la lista de &#8220;Deber\u00edas&#8221;, acel\u00e9rala&#8230;<\/p>\n<p>Te puedes llevar la sorpresa de encontrar tranquilidad en medio de ese ruido mental.<\/p>\n<p>&nbsp;<\/p>\n","protected":false},"excerpt":{"rendered":"<p>Psic\u00f3logo de M\u00e9xico DF describe el uso contraintuitivo de una lista de &#8220;deber\u00edas&#8221; como una estrategia para sentir alivio.<\/p>\n","protected":false},"author":1,"featured_media":0,"comment_status":"open","ping_status":"open","sticky":false,"template":"","format":"standard","meta":[],"categories":[9,188],"tags":[542,290],"_links":{"self":[{"href":"https:\/\/psicologosyterapiadf.com.mx\/blog\/wp-json\/wp\/v2\/posts\/8304"}],"collection":[{"href":"https:\/\/psicologosyterapiadf.com.mx\/blog\/wp-json\/wp\/v2\/posts"}],"about":[{"href":"https:\/\/psicologosyterapiadf.com.mx\/blog\/wp-json\/wp\/v2\/types\/post"}],"author":[{"embeddable":true,"href":"https:\/\/psicologosyterapiadf.com.mx\/blog\/wp-json\/wp\/v2\/users\/1"}],"replies":[{"embeddable":true,"href":"https:\/\/psicologosyterapiadf.com.mx\/blog\/wp-json\/wp\/v2\/comments?post=8304"}],"version-history":[{"count":4,"href":"https:\/\/psicologosyterapiadf.com.mx\/blog\/wp-json\/wp\/v2\/posts\/8304\/revisions"}],"predecessor-version":[{"id":8314,"href":"https:\/\/psicologosyterapiadf.com.mx\/blog\/wp-json\/wp\/v2\/posts\/8304\/revisions\/8314"}],"wp:attachment":[{"href":"https:\/\/psicologosyterapiadf.com.mx\/blog\/wp-json\/wp\/v2\/media?parent=8304"}],"wp:term":[{"taxonomy":"category","embeddable":true,"href":"https:\/\/psicologosyterapiadf.com.mx\/blog\/wp-json\/wp\/v2\/categories?post=8304"},{"taxonomy":"post_tag","embeddable":true,"href":"https:\/\/psicologosyterapiadf.com.mx\/blog\/wp-json\/wp\/v2\/tags?post=8304"}],"curies":[{"name":"wp","href":"https:\/\/api.w.org\/{rel}","templated":true}]}}