{"id":8279,"date":"2023-10-19T17:38:20","date_gmt":"2023-10-19T23:38:20","guid":{"rendered":"https:\/\/psicologosyterapiadf.com.mx\/blog\/?p=8279"},"modified":"2023-10-19T18:01:30","modified_gmt":"2023-10-20T00:01:30","slug":"cuanta-culpa-cuanto-miedo-vivo","status":"publish","type":"post","link":"https:\/\/psicologosyterapiadf.com.mx\/blog\/2023\/10\/19\/cuanta-culpa-cuanto-miedo-vivo\/","title":{"rendered":"\u00bfCu\u00e1nta culpa, cu\u00e1nto miedo vivo?"},"content":{"rendered":"<p><img decoding=\"async\" loading=\"lazy\" class=\"aligncenter size-medium wp-image-8283\" src=\"https:\/\/psicologosyterapiadf.com.mx\/blog\/wp-content\/uploads\/2023\/10\/Culpa-miedo-vivo-psicologos-cdmx-df-narvarte-300x225.jpeg\" alt=\"\" width=\"300\" height=\"225\" srcset=\"https:\/\/psicologosyterapiadf.com.mx\/blog\/wp-content\/uploads\/2023\/10\/Culpa-miedo-vivo-psicologos-cdmx-df-narvarte-300x225.jpeg 300w, https:\/\/psicologosyterapiadf.com.mx\/blog\/wp-content\/uploads\/2023\/10\/Culpa-miedo-vivo-psicologos-cdmx-df-narvarte.jpeg 639w\" sizes=\"(max-width: 300px) 100vw, 300px\" \/><\/p>\n<p>Me sorprende lo sigilosa e impactante que es la influencia del miedo y la culpa en tantos de mis deseos y objetivos.<\/p>\n<p><!--more--><\/p>\n<p>En ideas como &#8220;Gustos culposos&#8221; o la necesidad de que alguien se\u00a0 dis&#8221;culpa&#8221;, percibo como la palabra &#8220;culpa&#8221; puede resultar tan impetuosa e inconsciente.<\/p>\n<p>&nbsp;<\/p>\n<p>Me quedo pensando cu\u00e1nto\u00a0 soy &#8220;responsable&#8221;, m\u00e1s como un ejercicio de miedo por no sentirme culpable o de vivir una sanci\u00f3n, que por un aut\u00e9ntico movimiento de amor o curiosidad.<\/p>\n<p>&nbsp;<\/p>\n<p>Y la respuesta me asusta&#8230;<\/p>\n<p>&nbsp;<\/p>\n<p>\u00bfCu\u00e1nto hago o dejo de hacer con miedo o culpa a&#8230;<\/p>\n<p>engordar,<\/p>\n<p>enfermar,<\/p>\n<p>&#8220;perder&#8221; (dinero, tiempo, &#8220;respeto&#8221;, &#8220;reputaci\u00f3n&#8221;, &#8220;lo ganado&#8221;, seguridad,\u00a0 relaciones),<\/p>\n<p>no querer &#8220;desperdiciar&#8221;,<\/p>\n<p>no ser &#8220;productivo&#8221;<\/p>\n<p>sentirme &#8220;mala&#8221; persona ?<\/p>\n<p>&nbsp;<\/p>\n<p>\u00bfQu\u00e9 tanto comer, el sexo, ganar dinero, ser aceptado, crecer en el trabajo, tener salud&#8230;<\/p>\n<p>&#8230;se permea por una culpa inconsciente?<\/p>\n<p>&nbsp;<\/p>\n<p>Cuando no tengo algo de lo mencionado arriba es f\u00e1cil a\u00f1orar, pero al tenerlo es a\u00fan m\u00e1s f\u00e1cil aburrirse, darlo por supuesto,\u00a0 querer m\u00e1s, o pensar que no lo merezco, o es suerte haber conseguido algo.<\/p>\n<p>&nbsp;<\/p>\n<p>En este panorama obscuro, me resulta alentador pensar que una forma de cultivar motivos m\u00e1s inspiradores que la culpa, tiene como primer paso preguntarme qu\u00e9 tanto me muevo por miedo, para as\u00ed cacharlo antes de ejecutar o soltar algo.<\/p>\n<p>&nbsp;<\/p>\n<p>Observarme,<\/p>\n<p>&nbsp;<\/p>\n<p>preguntarme con delicadeza<\/p>\n<p>&nbsp;<\/p>\n<p>y contestarme con sinceridad tratando de no juzgarme,<\/p>\n<p>&nbsp;<\/p>\n<p>son actitudes amables y pr\u00e1cticas que diluyen la exclusividad de la culpa como musa de mis movimientos.<\/p>\n<p>&nbsp;<\/p>\n<p>Creo que s\u00ed algo no se infecta de culpa, disminuir\u00e1 la posibilidad de un autosabotaje, y tambi\u00e9n la compulsi\u00f3n para inventarme de forma indiscriminada nuevas metas que me prometan una felicidad superficial.<\/p>\n","protected":false},"excerpt":{"rendered":"<p>Psic\u00f3logo de M\u00e9xico DF, describe c\u00f3mo dejar de sentir culpa, a partir de la auto observaci\u00f3n.<\/p>\n","protected":false},"author":1,"featured_media":0,"comment_status":"open","ping_status":"open","sticky":false,"template":"","format":"standard","meta":[],"categories":[188,248],"tags":[290,525],"_links":{"self":[{"href":"https:\/\/psicologosyterapiadf.com.mx\/blog\/wp-json\/wp\/v2\/posts\/8279"}],"collection":[{"href":"https:\/\/psicologosyterapiadf.com.mx\/blog\/wp-json\/wp\/v2\/posts"}],"about":[{"href":"https:\/\/psicologosyterapiadf.com.mx\/blog\/wp-json\/wp\/v2\/types\/post"}],"author":[{"embeddable":true,"href":"https:\/\/psicologosyterapiadf.com.mx\/blog\/wp-json\/wp\/v2\/users\/1"}],"replies":[{"embeddable":true,"href":"https:\/\/psicologosyterapiadf.com.mx\/blog\/wp-json\/wp\/v2\/comments?post=8279"}],"version-history":[{"count":6,"href":"https:\/\/psicologosyterapiadf.com.mx\/blog\/wp-json\/wp\/v2\/posts\/8279\/revisions"}],"predecessor-version":[{"id":8286,"href":"https:\/\/psicologosyterapiadf.com.mx\/blog\/wp-json\/wp\/v2\/posts\/8279\/revisions\/8286"}],"wp:attachment":[{"href":"https:\/\/psicologosyterapiadf.com.mx\/blog\/wp-json\/wp\/v2\/media?parent=8279"}],"wp:term":[{"taxonomy":"category","embeddable":true,"href":"https:\/\/psicologosyterapiadf.com.mx\/blog\/wp-json\/wp\/v2\/categories?post=8279"},{"taxonomy":"post_tag","embeddable":true,"href":"https:\/\/psicologosyterapiadf.com.mx\/blog\/wp-json\/wp\/v2\/tags?post=8279"}],"curies":[{"name":"wp","href":"https:\/\/api.w.org\/{rel}","templated":true}]}}