{"id":8174,"date":"2023-04-13T09:15:18","date_gmt":"2023-04-13T15:15:18","guid":{"rendered":"https:\/\/psicologosyterapiadf.com.mx\/blog\/?p=8174"},"modified":"2023-05-04T09:26:12","modified_gmt":"2023-05-04T15:26:12","slug":"lo-que-te-hago-me-lo-hago","status":"publish","type":"post","link":"https:\/\/psicologosyterapiadf.com.mx\/blog\/2023\/04\/13\/lo-que-te-hago-me-lo-hago\/","title":{"rendered":"Lo que te hago, me lo hago."},"content":{"rendered":"<p>Varias veces he registrado en estas entradas una cita de Austin Kleon que me orienta cuando me tomo algo personal:<\/p>\n<p>&#8220;Todos los consejos son autobiogr\u00e1ficos&#8221;.<\/p>\n<p>Un amigo y maestro dec\u00eda algo parecido:<\/p>\n<p>&#8220;Cuando te lo digo a ti, me lo digo a m\u00ed.&#8221;<\/p>\n<p><img decoding=\"async\" loading=\"lazy\" class=\"aligncenter size-medium wp-image-8186\" src=\"https:\/\/psicologosyterapiadf.com.mx\/blog\/wp-content\/uploads\/2023\/04\/Te-me-lo-hago-psicologos-terapia-df-cdmx-narvarte-300x200.jpeg\" alt=\"\" width=\"300\" height=\"200\" srcset=\"https:\/\/psicologosyterapiadf.com.mx\/blog\/wp-content\/uploads\/2023\/04\/Te-me-lo-hago-psicologos-terapia-df-cdmx-narvarte-300x200.jpeg 300w, https:\/\/psicologosyterapiadf.com.mx\/blog\/wp-content\/uploads\/2023\/04\/Te-me-lo-hago-psicologos-terapia-df-cdmx-narvarte.jpeg 678w\" sizes=\"(max-width: 300px) 100vw, 300px\" \/><\/p>\n<p>Y algo que me brinda a\u00fan m\u00e1s perspectiva cuando me rebasa alguna emoci\u00f3n es la idea:<\/p>\n<blockquote><p>&#8220;Lo que te hago, me lo hago.&#8221;<\/p><\/blockquote>\n<p><!--more--><\/p>\n<p>No logro tener todo el tiempo esta intenci\u00f3n, pero s\u00ed se encuentra en mi trabajo y con las personas m\u00e1s cercanas. Trato de tener en cuenta esta idea, como un ejercicio de empat\u00eda hacia los dem\u00e1s y de amabilidad hacia m\u00ed mismo, si llego a ser demasiado cr\u00edtico.<\/p>\n<p>M\u00e1s all\u00e1 de un equilibrio k\u00e1rmico, veo esta f\u00f3rmula como un recordatorio de conexi\u00f3n con el mundo, en particular, cuando me siento desconectado.<\/p>\n<p>Y en momentos m\u00e1s pac\u00edficos, tambi\u00e9n consolida mis movimientos y los hace m\u00e1s placenteros si tengo una atenci\u00f3n con alguien o la recibo.<\/p>\n","protected":false},"excerpt":{"rendered":"<p>Psic\u00f3logo de M\u00e9xico DF describe c\u00f3mo reconocer la conexi\u00f3n en nuestra palabra y acci\u00f3n con el otro puede brindar paz.<\/p>\n","protected":false},"author":1,"featured_media":0,"comment_status":"open","ping_status":"open","sticky":false,"template":"","format":"standard","meta":[],"categories":[7],"tags":[381],"_links":{"self":[{"href":"https:\/\/psicologosyterapiadf.com.mx\/blog\/wp-json\/wp\/v2\/posts\/8174"}],"collection":[{"href":"https:\/\/psicologosyterapiadf.com.mx\/blog\/wp-json\/wp\/v2\/posts"}],"about":[{"href":"https:\/\/psicologosyterapiadf.com.mx\/blog\/wp-json\/wp\/v2\/types\/post"}],"author":[{"embeddable":true,"href":"https:\/\/psicologosyterapiadf.com.mx\/blog\/wp-json\/wp\/v2\/users\/1"}],"replies":[{"embeddable":true,"href":"https:\/\/psicologosyterapiadf.com.mx\/blog\/wp-json\/wp\/v2\/comments?post=8174"}],"version-history":[{"count":5,"href":"https:\/\/psicologosyterapiadf.com.mx\/blog\/wp-json\/wp\/v2\/posts\/8174\/revisions"}],"predecessor-version":[{"id":8187,"href":"https:\/\/psicologosyterapiadf.com.mx\/blog\/wp-json\/wp\/v2\/posts\/8174\/revisions\/8187"}],"wp:attachment":[{"href":"https:\/\/psicologosyterapiadf.com.mx\/blog\/wp-json\/wp\/v2\/media?parent=8174"}],"wp:term":[{"taxonomy":"category","embeddable":true,"href":"https:\/\/psicologosyterapiadf.com.mx\/blog\/wp-json\/wp\/v2\/categories?post=8174"},{"taxonomy":"post_tag","embeddable":true,"href":"https:\/\/psicologosyterapiadf.com.mx\/blog\/wp-json\/wp\/v2\/tags?post=8174"}],"curies":[{"name":"wp","href":"https:\/\/api.w.org\/{rel}","templated":true}]}}