{"id":8134,"date":"2023-01-07T09:08:51","date_gmt":"2023-01-07T15:08:51","guid":{"rendered":"https:\/\/psicologosyterapiadf.com.mx\/blog\/?p=8134"},"modified":"2023-02-07T10:01:55","modified_gmt":"2023-02-07T16:01:55","slug":"define-tu-espacio-de-creacion","status":"publish","type":"post","link":"https:\/\/psicologosyterapiadf.com.mx\/blog\/2023\/01\/07\/define-tu-espacio-de-creacion\/","title":{"rendered":"Define tu espacio de creaci\u00f3n"},"content":{"rendered":"<p><img decoding=\"async\" loading=\"lazy\" class=\"aligncenter size-medium wp-image-8148\" src=\"https:\/\/psicologosyterapiadf.com.mx\/blog\/wp-content\/uploads\/2023\/01\/define-espacio-creacion-psicologos-terapia-df-cdmx-300x300.jpeg\" alt=\"\" width=\"300\" height=\"300\" srcset=\"https:\/\/psicologosyterapiadf.com.mx\/blog\/wp-content\/uploads\/2023\/01\/define-espacio-creacion-psicologos-terapia-df-cdmx-300x300.jpeg 300w, https:\/\/psicologosyterapiadf.com.mx\/blog\/wp-content\/uploads\/2023\/01\/define-espacio-creacion-psicologos-terapia-df-cdmx-80x80.jpeg 80w, https:\/\/psicologosyterapiadf.com.mx\/blog\/wp-content\/uploads\/2023\/01\/define-espacio-creacion-psicologos-terapia-df-cdmx.jpeg 554w\" sizes=\"(max-width: 300px) 100vw, 300px\" \/><\/p>\n<p><!--more--><\/p>\n<p>Cuando ve\u00eda historias de \u00e9xito de personas que se encontraron con mucha vulnerabilidad, me preguntaba cu\u00e1nto\u00a0 no hubiera hecho el protagonista con m\u00e1s recursos&#8230;<\/p>\n<p>Sin darme cuenta que la misma adversidad es una fuente tremenda de creatividad y enfoque.<\/p>\n<p>Si vivo escasez, tendr\u00e9 claridad sin esfuerzo. No habr\u00e1 &#8220;prioridades&#8221;, sino Prioridad.<\/p>\n<p>Es por eso por lo que me sorprende\u00a0 lo que he podidl hacer en momentos de crisis, deuda, enfermedad o p\u00e9rdida.<\/p>\n<p>Se siente que no queda de otra, el an\u00e1lisis excesivo, la competencia, la comparaci\u00f3n, la b\u00fasqueda de aprobaci\u00f3n, el miedo al rechazo, la verg\u00fcenza, la indecisi\u00f3n, no han pesado tanto como cuando estoy &#8220;bien&#8221;.<\/p>\n<p>Sin embargo, como el promedio de la vida no supone cat\u00e1strofes, es f\u00e1cil divagar y dispersarme.<\/p>\n<p>Me parece bonito que no es necesario llegar\u00a0 a una experiencia\u00a0 traum\u00e1tica para lograr esa capacidad creativa.<\/p>\n<p>Definir un espacio de exploraci\u00f3n bien limitado ayuda a orientar recursos y profundizar.<\/p>\n<p>Con 2 teclas de piano se puede hacer much\u00edsimo. No se necesita un teclado entero.<\/p>\n<p>Por eso es f\u00e1cil hacer cosas cuando estoy enamorado o angustiado, hay una experiencia muy clara a la que quiero llegar y de la que quiero huir, incluso sin llegar al objetivo es f\u00e1cil sumergirme en el proceso y s\u00f3lo ejecutar.<\/p>\n<p>Hay algunas preguntas que creo que pueden ayudar a definir esa gesti\u00f3n de recursos para sentir que lo que decido tiene prop\u00f3sito y que el tiempo pasa volando, para dejarme satisfecho con lo que hago y con lo que bot\u00f3.<\/p>\n<p>Estas preguntas son:<\/p>\n<p>\u00bfCu\u00e1l es mi lienzo?<\/p>\n<p>\u00bfCu\u00e1l es mi voz?<\/p>\n<p>\u00bfCu\u00e1l es mi elemento?<\/p>\n<p>\u00bfCu\u00e1l es mi momento?<\/p>\n<p>Y las respuestas se van alinear con lo que me es f\u00e1cil, con lo que yo minimizo pero el mundo me reconoce, con habilidades que tengo, disfruto y doy por supuestas.<\/p>\n<p>&nbsp;<\/p>\n","protected":false},"excerpt":{"rendered":"<p>Psic\u00f3logo de M\u00e9xico DF describe c\u00f3mo limitarnos conscientemente amplifica la creatividad.<\/p>\n","protected":false},"author":1,"featured_media":0,"comment_status":"open","ping_status":"open","sticky":false,"template":"","format":"standard","meta":[],"categories":[259,54],"tags":[537],"_links":{"self":[{"href":"https:\/\/psicologosyterapiadf.com.mx\/blog\/wp-json\/wp\/v2\/posts\/8134"}],"collection":[{"href":"https:\/\/psicologosyterapiadf.com.mx\/blog\/wp-json\/wp\/v2\/posts"}],"about":[{"href":"https:\/\/psicologosyterapiadf.com.mx\/blog\/wp-json\/wp\/v2\/types\/post"}],"author":[{"embeddable":true,"href":"https:\/\/psicologosyterapiadf.com.mx\/blog\/wp-json\/wp\/v2\/users\/1"}],"replies":[{"embeddable":true,"href":"https:\/\/psicologosyterapiadf.com.mx\/blog\/wp-json\/wp\/v2\/comments?post=8134"}],"version-history":[{"count":7,"href":"https:\/\/psicologosyterapiadf.com.mx\/blog\/wp-json\/wp\/v2\/posts\/8134\/revisions"}],"predecessor-version":[{"id":8152,"href":"https:\/\/psicologosyterapiadf.com.mx\/blog\/wp-json\/wp\/v2\/posts\/8134\/revisions\/8152"}],"wp:attachment":[{"href":"https:\/\/psicologosyterapiadf.com.mx\/blog\/wp-json\/wp\/v2\/media?parent=8134"}],"wp:term":[{"taxonomy":"category","embeddable":true,"href":"https:\/\/psicologosyterapiadf.com.mx\/blog\/wp-json\/wp\/v2\/categories?post=8134"},{"taxonomy":"post_tag","embeddable":true,"href":"https:\/\/psicologosyterapiadf.com.mx\/blog\/wp-json\/wp\/v2\/tags?post=8134"}],"curies":[{"name":"wp","href":"https:\/\/api.w.org\/{rel}","templated":true}]}}