{"id":8110,"date":"2022-11-24T11:38:11","date_gmt":"2022-11-24T17:38:11","guid":{"rendered":"https:\/\/psicologosyterapiadf.com.mx\/blog\/?p=8110"},"modified":"2022-11-24T11:48:35","modified_gmt":"2022-11-24T17:48:35","slug":"el-mundo-me-puede-mostrar-quien-soy","status":"publish","type":"post","link":"https:\/\/psicologosyterapiadf.com.mx\/blog\/2022\/11\/24\/el-mundo-me-puede-mostrar-quien-soy\/","title":{"rendered":"&#8220;El mundo me puede mostrar qui\u00e9n soy&#8221;"},"content":{"rendered":"<p><img decoding=\"async\" loading=\"lazy\" class=\"aligncenter size-medium wp-image-8111\" src=\"https:\/\/psicologosyterapiadf.com.mx\/blog\/wp-content\/uploads\/2022\/11\/mundo-refleja-quien-soy-psicologos-terapia-pareja-df-cdmx-narvarte-300x300.jpeg\" alt=\"\" width=\"300\" height=\"300\" srcset=\"https:\/\/psicologosyterapiadf.com.mx\/blog\/wp-content\/uploads\/2022\/11\/mundo-refleja-quien-soy-psicologos-terapia-pareja-df-cdmx-narvarte-300x300.jpeg 300w, https:\/\/psicologosyterapiadf.com.mx\/blog\/wp-content\/uploads\/2022\/11\/mundo-refleja-quien-soy-psicologos-terapia-pareja-df-cdmx-narvarte-80x80.jpeg 80w, https:\/\/psicologosyterapiadf.com.mx\/blog\/wp-content\/uploads\/2022\/11\/mundo-refleja-quien-soy-psicologos-terapia-pareja-df-cdmx-narvarte.jpeg 554w\" sizes=\"(max-width: 300px) 100vw, 300px\" \/><\/p>\n<p><!--more--><\/p>\n<p>Es una cita de un libro.<\/p>\n<p>Me ayuda a tomarla como un elemento de orientaci\u00f3n.<\/p>\n<p>Una idea semejante se refiere a relaciones rom\u00e1nticas:<\/p>\n<p>una pareja es un elemento muy valioso para saber qui\u00e9n soy. Es alguien que me refleja y me contrasta, me define por sus diferencias, afinidades y convivencia.<\/p>\n<p>Pensar que el mundo me puede mostrar qui\u00e9n soy, va en esa l\u00ednea. Mis relaciones, mis reacciones, me dan retroalimentaci\u00f3n de qui\u00e9n soy, cu\u00e1l es mi funci\u00f3n.<\/p>\n<p>Y creo que entre m\u00e1s intensas las emociones, agradables o desagradables, m\u00e1s elocuente es la definici\u00f3n de a qu\u00e9\u00a0 vine aqu\u00ed, de mis valores, de mi contribuci\u00f3n, de mis habilidades, de mis necesidades a trabajar.<\/p>\n<p>Los momentos obscuros, las confrontaciones interpersonales, dan registros para orientarme y definirme, igual que sus opuestos.<\/p>\n<p>Vale la pena capitalizar una experiencia amarga, no s\u00f3lo para orientarme, sino para desgastar la emoci\u00f3n\u00a0 que me genera m\u00e1s r\u00e1pido para brindarle la llegada a una nueva informaci\u00f3n de qui\u00e9n soy.<\/p>\n","protected":false},"excerpt":{"rendered":"<p>Psic\u00f3logo de M\u00e9xico DF,  describe c\u00f3mo las interacciones con el mundo nos permiten conocernos.<\/p>\n","protected":false},"author":1,"featured_media":0,"comment_status":"open","ping_status":"open","sticky":false,"template":"","format":"standard","meta":[],"categories":[9,54],"tags":[539,430],"_links":{"self":[{"href":"https:\/\/psicologosyterapiadf.com.mx\/blog\/wp-json\/wp\/v2\/posts\/8110"}],"collection":[{"href":"https:\/\/psicologosyterapiadf.com.mx\/blog\/wp-json\/wp\/v2\/posts"}],"about":[{"href":"https:\/\/psicologosyterapiadf.com.mx\/blog\/wp-json\/wp\/v2\/types\/post"}],"author":[{"embeddable":true,"href":"https:\/\/psicologosyterapiadf.com.mx\/blog\/wp-json\/wp\/v2\/users\/1"}],"replies":[{"embeddable":true,"href":"https:\/\/psicologosyterapiadf.com.mx\/blog\/wp-json\/wp\/v2\/comments?post=8110"}],"version-history":[{"count":2,"href":"https:\/\/psicologosyterapiadf.com.mx\/blog\/wp-json\/wp\/v2\/posts\/8110\/revisions"}],"predecessor-version":[{"id":8113,"href":"https:\/\/psicologosyterapiadf.com.mx\/blog\/wp-json\/wp\/v2\/posts\/8110\/revisions\/8113"}],"wp:attachment":[{"href":"https:\/\/psicologosyterapiadf.com.mx\/blog\/wp-json\/wp\/v2\/media?parent=8110"}],"wp:term":[{"taxonomy":"category","embeddable":true,"href":"https:\/\/psicologosyterapiadf.com.mx\/blog\/wp-json\/wp\/v2\/categories?post=8110"},{"taxonomy":"post_tag","embeddable":true,"href":"https:\/\/psicologosyterapiadf.com.mx\/blog\/wp-json\/wp\/v2\/tags?post=8110"}],"curies":[{"name":"wp","href":"https:\/\/api.w.org\/{rel}","templated":true}]}}