{"id":8082,"date":"2022-10-18T07:03:19","date_gmt":"2022-10-18T13:03:19","guid":{"rendered":"https:\/\/psicologosyterapiadf.com.mx\/blog\/?p=8082"},"modified":"2022-10-23T17:59:19","modified_gmt":"2022-10-23T23:59:19","slug":"fallecio-alondra","status":"publish","type":"post","link":"https:\/\/psicologosyterapiadf.com.mx\/blog\/2022\/10\/18\/fallecio-alondra\/","title":{"rendered":"Falleci\u00f3 Alondra"},"content":{"rendered":"<p><img decoding=\"async\" loading=\"lazy\" class=\"aligncenter size-medium wp-image-8086\" src=\"https:\/\/psicologosyterapiadf.com.mx\/blog\/wp-content\/uploads\/2022\/10\/Fallecio-alondra-psicologos-terapia-df-cdmx-narvar-300x225.jpg\" alt=\"\" width=\"300\" height=\"225\" srcset=\"https:\/\/psicologosyterapiadf.com.mx\/blog\/wp-content\/uploads\/2022\/10\/Fallecio-alondra-psicologos-terapia-df-cdmx-narvar-300x225.jpg 300w, https:\/\/psicologosyterapiadf.com.mx\/blog\/wp-content\/uploads\/2022\/10\/Fallecio-alondra-psicologos-terapia-df-cdmx-narvar-768x576.jpg 768w, https:\/\/psicologosyterapiadf.com.mx\/blog\/wp-content\/uploads\/2022\/10\/Fallecio-alondra-psicologos-terapia-df-cdmx-narvar-1030x773.jpg 1030w\" sizes=\"(max-width: 300px) 100vw, 300px\" \/><\/p>\n<p>La muerte es una constante que tendemos a negar.<\/p>\n<p>Cada cierto tiempo me entero del fallecimiento de alguien cercano a la gente con quien trabajo, y la reacci\u00f3n de vac\u00edo al notar un espacio que antes ocupaba un nombre en la biograf\u00eda de un paciente, duele.<\/p>\n<p>Se siente m\u00e1s ese dolor cuando es la persona que me comparte su vida en sesi\u00f3n.<\/p>\n<p>Aunque en teor\u00eda\u00a0 el terapeuta debe ser asc\u00e9ptico, distante y neutro, en lo concreto aparece la humanidad y se establece conexi\u00f3n con las personas.<\/p>\n<p><!--more--><\/p>\n<p>En 2017 muri\u00f3 un paciente, menor que yo. Estaba solo y se ahog\u00f3, cuando tuvo un ataque de epilepsia&#8230;<\/p>\n<p>Me dej\u00f3 consternado, llevaba un a\u00f1o trabajando con \u00e9l.\u00a0 La noticia me la dio su secretaria.<\/p>\n<p>Otra paciente falleci\u00f3 antes que \u00e9l por c\u00e1ncer, me comparti\u00f3 su proceso, y tambi\u00e9n dej\u00f3 amargura su partida.<\/p>\n<p>Ayer me llam\u00f3 una amiga de Alondra, me dio la noticia, me abrum\u00f3.<\/p>\n<p>Alondra era un a\u00f1o mayor que yo, empez\u00f3 su proceso en 2012, despu\u00e9s de un par de a\u00f1os lo dej\u00f3 por motivos econ\u00f3micos y reanud\u00f3 cuando empezaba la pandemia.<\/p>\n<p>Este julio la atend\u00ed por \u00faltima vez, me volvi\u00f3 a buscar el mes pasado para compartirme que estaba saturada de trabajo y que esperaba reanudar.<\/p>\n<p>Como cualquier ser humano, ella ten\u00eda sus virtudes y limitaciones.<\/p>\n<p>Me deja pensando que las ejecuciones\u00a0 que me han dejado remordimiento han sido m\u00e1s afortunadas de lo que siento cuando olvido mi caducidad.<\/p>\n<p>Me deja pensando que estamos conectados y que es natural e inevitable involucrarse y sentir la p\u00e9rdida de la gente con la que convivimos en distintos niveles.<\/p>\n<p>Me deja pensando que todos dejamos y recibimos algo en nuestras m\u00faltiples convivencias, y que soy privilegiado al cultivar un nivel de conexi\u00f3n profundo con la gente con la que trabajo, aunque tambi\u00e9n tenga su lado tortuoso concluir un ciclo de manera inesperada.<\/p>\n<p>Me deja pensando que as\u00ed como me buscan para obtener un servicio,\u00a0 yo tambien recibo lecciones de las personas con las que trabajo.<\/p>\n<p>Me deja pensando, en particular de lo que trabaje con ella, lo valioso de la gesti\u00f3n del enojo para establecer lazos profundos y l\u00edmites asertivos.<\/p>\n<p>Gracias por tu confianza Alondra.<\/p>\n","protected":false},"excerpt":{"rendered":"<p>La muerte es una constante que tendemos a negar. Cada cierto tiempo me entero del fallecimiento de alguien cercano a la gente con quien trabajo, y la reacci\u00f3n de vac\u00edo al notar un espacio que antes ocupaba un nombre en la biograf\u00eda de un paciente, duele. Se siente m\u00e1s ese dolor cuando es la persona &hellip; <a href=\"https:\/\/psicologosyterapiadf.com.mx\/blog\/2022\/10\/18\/fallecio-alondra\/\" class=\"more-link\">Seguir leyendo <span class=\"screen-reader-text\">Falleci\u00f3 Alondra<\/span> <span class=\"meta-nav\">&rarr;<\/span><\/a><\/p>\n","protected":false},"author":1,"featured_media":0,"comment_status":"open","ping_status":"open","sticky":false,"template":"","format":"standard","meta":[],"categories":[251],"tags":[],"_links":{"self":[{"href":"https:\/\/psicologosyterapiadf.com.mx\/blog\/wp-json\/wp\/v2\/posts\/8082"}],"collection":[{"href":"https:\/\/psicologosyterapiadf.com.mx\/blog\/wp-json\/wp\/v2\/posts"}],"about":[{"href":"https:\/\/psicologosyterapiadf.com.mx\/blog\/wp-json\/wp\/v2\/types\/post"}],"author":[{"embeddable":true,"href":"https:\/\/psicologosyterapiadf.com.mx\/blog\/wp-json\/wp\/v2\/users\/1"}],"replies":[{"embeddable":true,"href":"https:\/\/psicologosyterapiadf.com.mx\/blog\/wp-json\/wp\/v2\/comments?post=8082"}],"version-history":[{"count":5,"href":"https:\/\/psicologosyterapiadf.com.mx\/blog\/wp-json\/wp\/v2\/posts\/8082\/revisions"}],"predecessor-version":[{"id":8088,"href":"https:\/\/psicologosyterapiadf.com.mx\/blog\/wp-json\/wp\/v2\/posts\/8082\/revisions\/8088"}],"wp:attachment":[{"href":"https:\/\/psicologosyterapiadf.com.mx\/blog\/wp-json\/wp\/v2\/media?parent=8082"}],"wp:term":[{"taxonomy":"category","embeddable":true,"href":"https:\/\/psicologosyterapiadf.com.mx\/blog\/wp-json\/wp\/v2\/categories?post=8082"},{"taxonomy":"post_tag","embeddable":true,"href":"https:\/\/psicologosyterapiadf.com.mx\/blog\/wp-json\/wp\/v2\/tags?post=8082"}],"curies":[{"name":"wp","href":"https:\/\/api.w.org\/{rel}","templated":true}]}}