{"id":8062,"date":"2022-10-04T08:32:44","date_gmt":"2022-10-04T14:32:44","guid":{"rendered":"https:\/\/psicologosyterapiadf.com.mx\/blog\/?p=8062"},"modified":"2022-10-09T18:56:59","modified_gmt":"2022-10-10T00:56:59","slug":"capitalizar-las-emociones-malas","status":"publish","type":"post","link":"https:\/\/psicologosyterapiadf.com.mx\/blog\/2022\/10\/04\/capitalizar-las-emociones-malas\/","title":{"rendered":"Capitalizar las emociones &#8220;malas&#8221;"},"content":{"rendered":"<p><img decoding=\"async\" loading=\"lazy\" class=\"aligncenter size-medium wp-image-8069\" src=\"https:\/\/psicologosyterapiadf.com.mx\/blog\/wp-content\/uploads\/2022\/10\/capitalizar-emociones-psicologos-terapia-df-cdmx-narvarte-300x300.jpeg\" alt=\"\" width=\"300\" height=\"300\" srcset=\"https:\/\/psicologosyterapiadf.com.mx\/blog\/wp-content\/uploads\/2022\/10\/capitalizar-emociones-psicologos-terapia-df-cdmx-narvarte-300x300.jpeg 300w, https:\/\/psicologosyterapiadf.com.mx\/blog\/wp-content\/uploads\/2022\/10\/capitalizar-emociones-psicologos-terapia-df-cdmx-narvarte-80x80.jpeg 80w, https:\/\/psicologosyterapiadf.com.mx\/blog\/wp-content\/uploads\/2022\/10\/capitalizar-emociones-psicologos-terapia-df-cdmx-narvarte.jpeg 450w\" sizes=\"(max-width: 300px) 100vw, 300px\" \/><\/p>\n<p>Volverme pragm\u00e1tico es una forma de encontrar alivio cuando una emoci\u00f3n desagradable me abruma.<\/p>\n<p>Si le encuentro un sentido a mi agobio, lo percibo de una manera diferente y empieza a diminuir la incomodidad.<\/p>\n<p><!--more--><\/p>\n<p>Una idea que me ayuda en esta l\u00ednea es:<\/p>\n<p>las emociones de baja frecuencia\u00a0 dan lecciones que las de alta no brindan.<\/p>\n<p>El miedo, la tristeza, la angustia, la culpa, el vac\u00edo, cuando llegan en gran intensidad quiebran mi estructura y mi rutina.<\/p>\n<p>Me vuelven m\u00e1s emp\u00e1tico, me impulsan a pedir ayuda y a darla con m\u00e1s facilidad, me conectan, me empujan a probar experiencias que cuando me siento tranquilo, podr\u00edan\u00a0 darme flojera.<\/p>\n<p>&nbsp;<\/p>\n<p>Hay que agregar que lo que cultivo en mis momentos obscuros, tendr\u00e1\u00a0 impacto en temporada de vacas gordas emocionales.<\/p>\n<p>&nbsp;<\/p>\n<p>Escuche hace unas semanas una an\u00e9cdota que describ\u00eda la construcci\u00f3n de un centro de meditaci\u00f3n\u00a0 en Nueva York.<\/p>\n<p>Al director le preguntaban porque no hab\u00eda escogido otro lugar para su sede, y \u00e9l\u00a0 respondi\u00f3 que si alguien desarrolla la capacidad de meditar en una atm\u00f3sfera tan saturada, podr\u00e1 hacerlo que cualquier lugar.<\/p>\n<p>&nbsp;<\/p>\n<p>Esta intenci\u00f3n se alinea con una propuesta que escuche en un curso: la de entrenar una espiritualidad todo terreno; esto se define a partir de disfrutar de lo trivial y concreto cuando corresponda y lograr integrarlo con experiencias profundas.<\/p>\n<p>&nbsp;<\/p>\n<p>Esa espiritualidad tan pl\u00e1stica\u00a0 se desarrolla aunque no lo quiera o sea consciente en las etapas que mis expectativas\u00a0 juzgan como &#8220;malas&#8221;.<\/p>\n<p>&nbsp;<\/p>\n<p>Si puedo hacer algo en mis momentos de desaliento, tendr\u00e9 inercia para prolongarlo con m\u00e1s ligereza\u00a0 en mis momentos de inspiraci\u00f3n.<\/p>\n<p>&nbsp;<\/p>\n<p>Otro pensamiento que reduce mi tensi\u00f3n cuando vivo un infierno emocional supone apreciar los sentimientos tan intensos como una oportunidad para hacer evidentes tendencias de dolor que descuid\u00e9.<\/p>\n<p>Ah\u00ed est\u00e1\u00a0 la posibilidad de sanar y trascender malestares &#8220;tolerables&#8221; que me han perseguido durante mucho tiempo: cuando el umbral de la experiencia ya no se puede gestionar.<\/p>\n<p>&nbsp;<\/p>\n<p>Si veo una emoci\u00f3n que rechazo como alguna de las experiencias descritas arriba: como una posibilidad de explorar con m\u00e1s\u00a0 facilidad experiencias que no me doy oportunidad normalmente, como un entrenamiento para adaptarme en diversas situaciones, como una manera de conocerme, como una oportunidad para sanar temas pendientes&#8230;<\/p>\n<p>Estar\u00e9\u00a0 capitalizado mi mala vibra y diluir\u00e9 su impacto tanto por ocupar esa energ\u00eda, como por\u00a0 encontrarle un prop\u00f3sito.<\/p>\n","protected":false},"excerpt":{"rendered":"<p>Volverme pragm\u00e1tico es una forma de encontrar alivio cuando una emoci\u00f3n desagradable me abruma. Si le encuentro un sentido a mi agobio, lo percibo de una manera diferente y empieza a diminuir la incomodidad.<\/p>\n","protected":false},"author":1,"featured_media":0,"comment_status":"open","ping_status":"open","sticky":false,"template":"","format":"standard","meta":[],"categories":[231,213,216],"tags":[447,430],"_links":{"self":[{"href":"https:\/\/psicologosyterapiadf.com.mx\/blog\/wp-json\/wp\/v2\/posts\/8062"}],"collection":[{"href":"https:\/\/psicologosyterapiadf.com.mx\/blog\/wp-json\/wp\/v2\/posts"}],"about":[{"href":"https:\/\/psicologosyterapiadf.com.mx\/blog\/wp-json\/wp\/v2\/types\/post"}],"author":[{"embeddable":true,"href":"https:\/\/psicologosyterapiadf.com.mx\/blog\/wp-json\/wp\/v2\/users\/1"}],"replies":[{"embeddable":true,"href":"https:\/\/psicologosyterapiadf.com.mx\/blog\/wp-json\/wp\/v2\/comments?post=8062"}],"version-history":[{"count":6,"href":"https:\/\/psicologosyterapiadf.com.mx\/blog\/wp-json\/wp\/v2\/posts\/8062\/revisions"}],"predecessor-version":[{"id":8070,"href":"https:\/\/psicologosyterapiadf.com.mx\/blog\/wp-json\/wp\/v2\/posts\/8062\/revisions\/8070"}],"wp:attachment":[{"href":"https:\/\/psicologosyterapiadf.com.mx\/blog\/wp-json\/wp\/v2\/media?parent=8062"}],"wp:term":[{"taxonomy":"category","embeddable":true,"href":"https:\/\/psicologosyterapiadf.com.mx\/blog\/wp-json\/wp\/v2\/categories?post=8062"},{"taxonomy":"post_tag","embeddable":true,"href":"https:\/\/psicologosyterapiadf.com.mx\/blog\/wp-json\/wp\/v2\/tags?post=8062"}],"curies":[{"name":"wp","href":"https:\/\/api.w.org\/{rel}","templated":true}]}}