{"id":7679,"date":"2021-12-23T17:48:26","date_gmt":"2021-12-23T23:48:26","guid":{"rendered":"https:\/\/psicologosyterapiadf.com.mx\/blog\/?p=7679"},"modified":"2021-12-26T17:29:57","modified_gmt":"2021-12-26T23:29:57","slug":"lo-que-mas-temo","status":"publish","type":"post","link":"https:\/\/psicologosyterapiadf.com.mx\/blog\/2021\/12\/23\/lo-que-mas-temo\/","title":{"rendered":"Lo que m\u00e1s temo"},"content":{"rendered":"<p><img decoding=\"async\" loading=\"lazy\" class=\"aligncenter size-medium wp-image-7681\" src=\"https:\/\/psicologosyterapiadf.com.mx\/blog\/wp-content\/uploads\/2021\/12\/Mas-temo-psicologos-terapia-mexico-df-cdmx-300x164.jpeg\" alt=\"Mas-temo-psicologos-terapia-mexico-df-cdmx\" width=\"300\" height=\"164\" srcset=\"https:\/\/psicologosyterapiadf.com.mx\/blog\/wp-content\/uploads\/2021\/12\/Mas-temo-psicologos-terapia-mexico-df-cdmx-300x164.jpeg 300w, https:\/\/psicologosyterapiadf.com.mx\/blog\/wp-content\/uploads\/2021\/12\/Mas-temo-psicologos-terapia-mexico-df-cdmx.jpeg 550w\" sizes=\"(max-width: 300px) 100vw, 300px\" \/><\/p>\n<p>Creo que lo que m\u00e1s miedo me da, no es:<\/p>\n<p>perder a alguien que quiero, perder dinero, enfermar, fracasar, el rechazo, el abandono, la cr\u00edtica, retroceder, la mediocridad&#8230;<\/p>\n<p>Lo que m\u00e1s miedo me da se puede sintonizar con cualquiera de esos temas, eso s\u00ed, pero en esencia, lo que de verdad me &#8220;pone mal&#8221; o &#8220;bien&#8221; es mi expectativa, mi interpretaci\u00f3n y mi juicio.<\/p>\n<p><!--more--><\/p>\n<p>Lo que espero y se concreta o no, me genera angustia antes de que eso suceda.<\/p>\n<p>Esa esperanza o temor viene influida por mi manera de percibir el mundo, mis relaciones, mi identidad.<\/p>\n<p>Y lo m\u00e1s pesado tiende a ser la etiqueta con la que me catalogo a m\u00ed o a una experiencia.<\/p>\n<p>Unas preguntas que ayudan a disminuir mi miedo y mi decepci\u00f3n son:<\/p>\n<p>&#8220;\u00bfQu\u00e9 tanto yo mismo me limito por inseguridad, por miedo a mi autocr\u00edtica?&#8221;<\/p>\n<p>&#8220;\u00bfQu\u00e9 tanto ese miedo no es por las consecuencias concretas de mis decisiones, sino del estr\u00e9s que me ocasiona mi propia comparaci\u00f3n y posterior devaluaci\u00f3n?&#8221;<\/p>\n<p>&#8220;\u00bfC\u00f3mo aprendo a escuchar esa voz que me juzga, m\u00e1s que a discutir infructuosamente con ella?&#8221;<\/p>\n<p>La respuesta que se me ha ocurrido al dejar esas preguntas abiertas es la siguiente:<\/p>\n<p>&#8220;S\u00f3lo empieza por OBSERVAR, no luches, no act\u00faes, PAUSA, s\u00f3lo vu\u00e9lvete consciente de la inercia&#8230;<\/p>\n<p>Procura no reprimirla, controlarla o cambiarla&#8230;<\/p>\n<p>La lucha es parte de esa inercia,\u00a0 su esencia es el conflicto.<\/p>\n<p>Sin pelearte con ella, dejar\u00e1 de alimentarse.<\/p>\n<p>Insisto: la esencia de tu drama es el conflicto.<\/p>\n<p>La claridad y la ligereza para empezar un cambio y salir de la espiral de la repetici\u00f3n de patrones vendr\u00e1 de aceptar ese conflicto. <strong>LUCHAR ES ALIMENTARLO.&#8221;<\/strong><\/p>\n<p>&nbsp;<\/p>\n<p>Eso me respondo cuando pienso en lo que m\u00e1s temo: mi decepci\u00f3n, mi miedo a la p\u00e9rdida, mi frustraci\u00f3n de expectativas.<\/p>\n<p>Si me clavo en el juego de la comparaci\u00f3n y la competencia, tambi\u00e9n conocido como el &#8220;juego de ser mejor o peor que algo o alguien m\u00e1s&#8221;, pase lo que pase el campe\u00f3n ser\u00e1 mi sentimiento de insuficiencia.<\/p>\n<p>La b\u00fasqueda insatisfecha de la perfecci\u00f3n: luchar por estar bien o por dejar de sentir estr\u00e9s, me generar\u00e1 m\u00e1s tensi\u00f3n.<\/p>\n<p>Salirme de esa lucha me brindar\u00e1 paz.<\/p>\n<p>Es ir\u00f3nico que para &#8220;ganar&#8221; esa lucha por estar &#8220;bien&#8221;, la v\u00eda m\u00e1s pronta y pr\u00e1ctica\u00a0 supone &#8220;rendirse&#8221; y &#8220;perder&#8221; por default, es decir, dejar de participar en ese juego y en lugar de ser competidor, ir a sentarme a las gradas y volverme espectador de mi drama, m\u00e1s que ejecutante.<\/p>\n<p>Eso es lo que aprendo de rendirme a lo que m\u00e1s temo: que si en mis momentos m\u00e1s obscuros dejo de luchar y empiezo a escuchar y a observar cachando mis adjetivos y jucios, disminuir\u00e1 mi malestar.<\/p>\n","protected":false},"excerpt":{"rendered":"<p>Psic\u00f3logo de M\u00e9xico DF, describe como lo que m\u00e1s tememos es  nuestra propia cr\u00edtica.<\/p>\n","protected":false},"author":1,"featured_media":0,"comment_status":"open","ping_status":"open","sticky":false,"template":"","format":"standard","meta":[],"categories":[231,216,248],"tags":[542,517],"_links":{"self":[{"href":"https:\/\/psicologosyterapiadf.com.mx\/blog\/wp-json\/wp\/v2\/posts\/7679"}],"collection":[{"href":"https:\/\/psicologosyterapiadf.com.mx\/blog\/wp-json\/wp\/v2\/posts"}],"about":[{"href":"https:\/\/psicologosyterapiadf.com.mx\/blog\/wp-json\/wp\/v2\/types\/post"}],"author":[{"embeddable":true,"href":"https:\/\/psicologosyterapiadf.com.mx\/blog\/wp-json\/wp\/v2\/users\/1"}],"replies":[{"embeddable":true,"href":"https:\/\/psicologosyterapiadf.com.mx\/blog\/wp-json\/wp\/v2\/comments?post=7679"}],"version-history":[{"count":7,"href":"https:\/\/psicologosyterapiadf.com.mx\/blog\/wp-json\/wp\/v2\/posts\/7679\/revisions"}],"predecessor-version":[{"id":7690,"href":"https:\/\/psicologosyterapiadf.com.mx\/blog\/wp-json\/wp\/v2\/posts\/7679\/revisions\/7690"}],"wp:attachment":[{"href":"https:\/\/psicologosyterapiadf.com.mx\/blog\/wp-json\/wp\/v2\/media?parent=7679"}],"wp:term":[{"taxonomy":"category","embeddable":true,"href":"https:\/\/psicologosyterapiadf.com.mx\/blog\/wp-json\/wp\/v2\/categories?post=7679"},{"taxonomy":"post_tag","embeddable":true,"href":"https:\/\/psicologosyterapiadf.com.mx\/blog\/wp-json\/wp\/v2\/tags?post=7679"}],"curies":[{"name":"wp","href":"https:\/\/api.w.org\/{rel}","templated":true}]}}