{"id":7608,"date":"2021-11-03T08:42:59","date_gmt":"2021-11-03T14:42:59","guid":{"rendered":"https:\/\/psicologosyterapiadf.com.mx\/blog\/?p=7608"},"modified":"2021-11-08T18:53:10","modified_gmt":"2021-11-09T00:53:10","slug":"la-gente-no-ahorra-porque-no-tiene-un-motivo","status":"publish","type":"post","link":"https:\/\/psicologosyterapiadf.com.mx\/blog\/2021\/11\/03\/la-gente-no-ahorra-porque-no-tiene-un-motivo\/","title":{"rendered":"La gente no ahorra porque no tiene un motivo"},"content":{"rendered":"<p><img decoding=\"async\" loading=\"lazy\" class=\"aligncenter size-medium wp-image-7615\" src=\"https:\/\/psicologosyterapiadf.com.mx\/blog\/wp-content\/uploads\/2021\/11\/Gente-no-ahorra-psicologos-terapia-df-cdmx-300x200.jpeg\" alt=\"\" width=\"300\" height=\"200\" srcset=\"https:\/\/psicologosyterapiadf.com.mx\/blog\/wp-content\/uploads\/2021\/11\/Gente-no-ahorra-psicologos-terapia-df-cdmx-300x200.jpeg 300w, https:\/\/psicologosyterapiadf.com.mx\/blog\/wp-content\/uploads\/2021\/11\/Gente-no-ahorra-psicologos-terapia-df-cdmx.jpeg 679w\" sizes=\"(max-width: 300px) 100vw, 300px\" \/><\/p>\n<p>Es una cita de un libro: <em>El Factor Latte<\/em> de David Bach y John David Mann.<\/p>\n<p>Esas palabras me dieron claridad. No me es dif\u00edcil hacer algo que digo que quiero porque me falte disciplina o voluntad, sino por\u00a0 carecer de sentido emocional.<\/p>\n<p><!--more--><\/p>\n<p>&nbsp;<\/p>\n<p>Esto quiere decir que hay una falta de alineaci\u00f3n entre mi parte emocional y mi parte mental. Mi l\u00f3gica podr\u00e1 decir que quiere algo, pero si no hay combustible visceral para moverse, es como empujar un coche sin gasolina.<\/p>\n<p>Creo que lo que puede brindar esta inspiraci\u00f3n es la pregunta:<\/p>\n<p><strong>&#8220;\u00bfPARA QU\u00c9?&#8221;<\/strong><\/p>\n<p>\u00bfPara qu\u00e9 ahorro?, \u00bfpara que trabajo?, \u00bfpara qu\u00e9 leo?, \u00bfpara qu\u00e9 madrugo?, \u00bfpara qu\u00e9 como bien?, \u00bfpara qu\u00e9 salgo?, \u00bfpara qu\u00e9 estoy en esta relaci\u00f3n?, \u00bfpara qu\u00e9 hago lo que hago que pienso que es importante?, \u00bfpara qu\u00e9 quiero experimentar algo que me obsesiona y no ejecuto?<\/p>\n<p>Si no hay una intenci\u00f3n, no es posible orientar energ\u00eda. Cuando he estado muy enamorado o muy asustado es f\u00e1cil moverme. No me queda otra opci\u00f3n y me implico en lo presente, concreto e inmediato. Aunque no tenga las condiciones que se le antojan a mis expectativas, disminuye el ruido mental.<\/p>\n<p>Me muevo hacia mi deseo o huyo de mi dolor, no hay duda, no hay lista de pros y contras.<\/p>\n<p>Me comprometo sin pensarlo y no divago, dejo de querer hacerlo todo y &#8220;bien&#8221; o de intelectualizar esperanzas, condiciones adecuadas y momentos perfectos. Ese dolor, miedo, angustia, deseo, confianza o placer dan un empuje clar\u00edsimo.<\/p>\n<p>Entiendo que no puedo vivir angustiado o enamorado todo el tiempo y que cuando no hay momentos l\u00edmite, a mi cabeza le dar\u00e1 por nutrirse de posibilidades que me desenfocar\u00e1n de actuar y temer\u00e1n el remordimiento.<\/p>\n<p>En ese estado menos intenso de vida es cuando construir mis motivos a partir de la pregunta <strong>&#8220;\u00bfPara qu\u00e9?&#8221;<\/strong> empezar\u00e1 a orientarme.<\/p>\n<p>&nbsp;<\/p>\n","protected":false},"excerpt":{"rendered":"<p>Psic\u00f3logo de M\u00e9xico DF, describe c\u00f3mo la pregunta: &#8220;\u00bfpara qu\u00e9?&#8221; es fundamento de inspiraci\u00f3n.<\/p>\n","protected":false},"author":1,"featured_media":0,"comment_status":"open","ping_status":"open","sticky":false,"template":"","format":"standard","meta":[],"categories":[54],"tags":[387,465],"_links":{"self":[{"href":"https:\/\/psicologosyterapiadf.com.mx\/blog\/wp-json\/wp\/v2\/posts\/7608"}],"collection":[{"href":"https:\/\/psicologosyterapiadf.com.mx\/blog\/wp-json\/wp\/v2\/posts"}],"about":[{"href":"https:\/\/psicologosyterapiadf.com.mx\/blog\/wp-json\/wp\/v2\/types\/post"}],"author":[{"embeddable":true,"href":"https:\/\/psicologosyterapiadf.com.mx\/blog\/wp-json\/wp\/v2\/users\/1"}],"replies":[{"embeddable":true,"href":"https:\/\/psicologosyterapiadf.com.mx\/blog\/wp-json\/wp\/v2\/comments?post=7608"}],"version-history":[{"count":9,"href":"https:\/\/psicologosyterapiadf.com.mx\/blog\/wp-json\/wp\/v2\/posts\/7608\/revisions"}],"predecessor-version":[{"id":7621,"href":"https:\/\/psicologosyterapiadf.com.mx\/blog\/wp-json\/wp\/v2\/posts\/7608\/revisions\/7621"}],"wp:attachment":[{"href":"https:\/\/psicologosyterapiadf.com.mx\/blog\/wp-json\/wp\/v2\/media?parent=7608"}],"wp:term":[{"taxonomy":"category","embeddable":true,"href":"https:\/\/psicologosyterapiadf.com.mx\/blog\/wp-json\/wp\/v2\/categories?post=7608"},{"taxonomy":"post_tag","embeddable":true,"href":"https:\/\/psicologosyterapiadf.com.mx\/blog\/wp-json\/wp\/v2\/tags?post=7608"}],"curies":[{"name":"wp","href":"https:\/\/api.w.org\/{rel}","templated":true}]}}