{"id":7599,"date":"2021-10-29T09:34:54","date_gmt":"2021-10-29T15:34:54","guid":{"rendered":"https:\/\/psicologosyterapiadf.com.mx\/blog\/?p=7599"},"modified":"2021-11-01T09:58:04","modified_gmt":"2021-11-01T15:58:04","slug":"el-agua-como-analogia","status":"publish","type":"post","link":"https:\/\/psicologosyterapiadf.com.mx\/blog\/2021\/10\/29\/el-agua-como-analogia\/","title":{"rendered":"El agua como analog\u00eda"},"content":{"rendered":"<p>Se me hace curioso encontrar en diferentes libros una imagen acerca de nuestra relaci\u00f3n con el agua como met\u00e1fora de temas tan diversos como la salud, el dinero y las percepci\u00f3n de progreso en cualquier \u00e1rea.<\/p>\n<figure id=\"attachment_7601\" aria-describedby=\"caption-attachment-7601\" style=\"width: 300px\" class=\"wp-caption aligncenter\"><img decoding=\"async\" loading=\"lazy\" class=\"size-medium wp-image-7601\" src=\"https:\/\/psicologosyterapiadf.com.mx\/blog\/wp-content\/uploads\/2021\/10\/Psicologos-terapia-df-analogia-agua-300x274.jpg\" alt=\"\" width=\"300\" height=\"274\" srcset=\"https:\/\/psicologosyterapiadf.com.mx\/blog\/wp-content\/uploads\/2021\/10\/Psicologos-terapia-df-analogia-agua-300x274.jpg 300w, https:\/\/psicologosyterapiadf.com.mx\/blog\/wp-content\/uploads\/2021\/10\/Psicologos-terapia-df-analogia-agua.jpg 693w\" sizes=\"(max-width: 300px) 100vw, 300px\" \/><figcaption id=\"caption-attachment-7601\" class=\"wp-caption-text\">Imagen extra\u00edda de &#8220;Rock Climbing Technique&#8221; de John Kettle, edici\u00f3n Kindle.<\/figcaption><\/figure>\n<p><!--more--><\/p>\n<p>La primera\u00a0 es de una persona que llena un bote que est\u00e1 lleno de agujeros, dando a entender que por m\u00e1s agua que generes ser\u00e1 insuficiente tu esfuerzo y estar\u00e1s condenad@ a acarrear agua con miedo a perder lo ganado y sin la sensaci\u00f3n de avance.<\/p>\n<p>La segunda alusi\u00f3n es opuesta en inercia, se refiere a m\u00e9dicos que trapean un quir\u00f3fano, sin cerrar un grifo que vierte agua en la sala; alude a que es m\u00e1s pr\u00e1ctico enfocarse en resolver los s\u00edntomas de algo, que rastrear la ra\u00edz de lo que genera esas consecuencias en nuestra realidad pr\u00e1ctica y presente que tanto nos duelen y que al podarlas, s\u00f3lo estimulamos.<\/p>\n<p>El tercer paralelo tiene que ver con el capitalismo: compara la compra de un par de cubetas para llevar agua a un pueblo, en contraste con construir una tuber\u00eda con su bomba que transporte agua m\u00e1s limpia, barata y r\u00e1pida, sin dejar de considerar que esta alternativa genera efectos m\u00e1s profundos y duraderos\u00a0 que un proceso que se pretende resultados inmediatos y f\u00e1ciles.<\/p>\n<p>Estas alegor\u00edas me hacen pensar con respecto a cualquier problema que vivo:<\/p>\n<p>&#8220;A lo mejor no necesitas una bomba o una tuber\u00eda para sistematizar algo que ya te molesta y volver ese sufrimiento exponencial&#8230;&#8221;<\/p>\n<p>&#8220;Quiz\u00e1 una parte de m\u00ed necesita esas fugas que trato a nivel superficial de resolver.&#8221;<\/p>\n<p>&#8220;\u00bfY si no necesito ni cubetas m\u00e1s grandes o mejores, ni un sistema de filtrado de \u00faltima generaci\u00f3n?, \u00bfni la conexi\u00f3n con la tuber\u00eda m\u00e1s prestigiosa, sino checar mi abastecimiento y mudarme cerca de un manantial?&#8221;<\/p>\n<p>&#8220;\u00bfY si me diera cuenta que no necesito una gran cisterna que me lleve a buscar tener otra cisterna m\u00e1s por si acaso, para venderme la idea de que ser\u00e9 feliz y estar\u00e9 seguro cuando las llene, sin generar una conciencia diferente con el agua?&#8221;<\/p>\n<p>&nbsp;<\/p>\n<p>\u00bfCu\u00e1l es mi relaci\u00f3n con mis retos?<\/p>\n<p>\u00bfCu\u00e1l es mi relaci\u00f3n con mi energ\u00eda?<\/p>\n<p>\u00bfCu\u00e1l es mi relaci\u00f3n con la realidad?<\/p>\n<p>&nbsp;<\/p>\n<p>Eso me invitan a pensar estas frecuentes alusiones al agua.<\/p>\n","protected":false},"excerpt":{"rendered":"<p>Psic\u00f3logo de M\u00e9xico DF, comparte met\u00e1foras del manejo de agua para la b\u00fasqueda de definici\u00f3n de necesidades particulares.<\/p>\n","protected":false},"author":1,"featured_media":0,"comment_status":"open","ping_status":"open","sticky":false,"template":"","format":"standard","meta":[],"categories":[259],"tags":[548,549],"_links":{"self":[{"href":"https:\/\/psicologosyterapiadf.com.mx\/blog\/wp-json\/wp\/v2\/posts\/7599"}],"collection":[{"href":"https:\/\/psicologosyterapiadf.com.mx\/blog\/wp-json\/wp\/v2\/posts"}],"about":[{"href":"https:\/\/psicologosyterapiadf.com.mx\/blog\/wp-json\/wp\/v2\/types\/post"}],"author":[{"embeddable":true,"href":"https:\/\/psicologosyterapiadf.com.mx\/blog\/wp-json\/wp\/v2\/users\/1"}],"replies":[{"embeddable":true,"href":"https:\/\/psicologosyterapiadf.com.mx\/blog\/wp-json\/wp\/v2\/comments?post=7599"}],"version-history":[{"count":6,"href":"https:\/\/psicologosyterapiadf.com.mx\/blog\/wp-json\/wp\/v2\/posts\/7599\/revisions"}],"predecessor-version":[{"id":7607,"href":"https:\/\/psicologosyterapiadf.com.mx\/blog\/wp-json\/wp\/v2\/posts\/7599\/revisions\/7607"}],"wp:attachment":[{"href":"https:\/\/psicologosyterapiadf.com.mx\/blog\/wp-json\/wp\/v2\/media?parent=7599"}],"wp:term":[{"taxonomy":"category","embeddable":true,"href":"https:\/\/psicologosyterapiadf.com.mx\/blog\/wp-json\/wp\/v2\/categories?post=7599"},{"taxonomy":"post_tag","embeddable":true,"href":"https:\/\/psicologosyterapiadf.com.mx\/blog\/wp-json\/wp\/v2\/tags?post=7599"}],"curies":[{"name":"wp","href":"https:\/\/api.w.org\/{rel}","templated":true}]}}