{"id":7530,"date":"2021-08-31T10:00:55","date_gmt":"2021-08-31T16:00:55","guid":{"rendered":"https:\/\/psicologosyterapiadf.com.mx\/blog\/?p=7530"},"modified":"2021-09-05T10:52:21","modified_gmt":"2021-09-05T16:52:21","slug":"consecuencias","status":"publish","type":"post","link":"https:\/\/psicologosyterapiadf.com.mx\/blog\/2021\/08\/31\/consecuencias\/","title":{"rendered":"Consecuencias"},"content":{"rendered":"<p>Una idea que me orienta es la de ser cuidadoso con pensar que:<\/p>\n<p><strong> &#8220;hubiera pasado de cualquier modo.&#8221;<\/strong><\/p>\n<p>Dinero que llega inesperadamente, una enfermedad que aparece de pronto, una persona que me traiciona o por el contrario, una ayuda que llega de donde menos imagino&#8230;<\/p>\n<p>No son coincidencias. Algo hice antes, o dej\u00e9 de hacer, que vino a explotarme en este momento en la cara.<\/p>\n<p>Lo que experimento en tiempo real, no creo que sea tanto karma, como f\u00edsica basica:<\/p>\n<p style=\"text-align: center;\"><strong>ACCI\u00d3N- REACCI\u00d3N.\u00a0<\/strong><\/p>\n<p><img decoding=\"async\" loading=\"lazy\" class=\"aligncenter size-medium wp-image-7534\" src=\"https:\/\/psicologosyterapiadf.com.mx\/blog\/wp-content\/uploads\/2021\/08\/Consecuencias-psicologos-terapia-df-cdmx-300x197.jpeg\" alt=\"\" width=\"300\" height=\"197\" srcset=\"https:\/\/psicologosyterapiadf.com.mx\/blog\/wp-content\/uploads\/2021\/08\/Consecuencias-psicologos-terapia-df-cdmx-300x197.jpeg 300w, https:\/\/psicologosyterapiadf.com.mx\/blog\/wp-content\/uploads\/2021\/08\/Consecuencias-psicologos-terapia-df-cdmx.jpeg 620w\" sizes=\"(max-width: 300px) 100vw, 300px\" \/><\/p>\n<p><!--more--><\/p>\n<p>En este instante siembro las semillas de mis creaciones: de la calidad de mi trabajo, de mi estabilidad econ\u00f3mica, mi salud, la armon\u00eda de mis relaciones, mi sensaci\u00f3n de satisfacci\u00f3n&#8230; al mismo tiempo, lo que siento ahora, es la cosecha de mi siembra previa.<\/p>\n<p>En una pel\u00edcula que se llama <em>Entrevista con Dios<\/em>, \u00c9l le dice a su entrevistador:<\/p>\n<blockquote><p>&#8220;No hay pecado, ni condenaci\u00f3n, s\u00f3lo hay consecuencias&#8221;.<\/p><\/blockquote>\n<p>Esta perspectiva se me antoja muy liberadora, pues me permite dejar de ver la realidad bajo el prisma de lo bueno y lo malo, as\u00ed\u00a0 como el escape compulsivo por no sentirme mala persona.<\/p>\n<p>Ya que es una tendencia humana\u00a0 rastrear orden en lo ca\u00f3tico y buscar patrones\u00a0 en la incertidumbre, creo que puede resultar muy pr\u00e1ctico para mis movimientos vitales, reconocer qu\u00e9 estoy experimentando.<\/p>\n<p>Algo sembr\u00e9 en pensamiento y acci\u00f3n antes, y algo siembro en este mismo momento. \u00bfQu\u00e9 pensamientos tengo? \u00bfQu\u00e9 emociones siento? \u00bfQu\u00e9 acciones ejecuto? \u00bfEn qu\u00e9 experiencias decido hacerme de la vista gorda? \u00bfCu\u00e1ndo fluyo? \u00bfCu\u00e1ndo me vivo como v\u00edctima?<\/p>\n<p>Desde mi responsabilidad por observar esa siembra puedo estimular lo que hago (si es af\u00edn con mis objetivos) o modificarlo (si es algo que me genera sufrimiento) desde mis causalidades sincronizadas con las casualidades externas. Pero el primer paso es volverme consciente de mi experiencia actual.<\/p>\n","protected":false},"excerpt":{"rendered":"<p>Psic\u00f3logo de M\u00e9xico DF describe la consciencia de causa y efecto como una forma de orientarnos en la vida.<\/p>\n","protected":false},"author":1,"featured_media":0,"comment_status":"open","ping_status":"open","sticky":false,"template":"","format":"standard","meta":[],"categories":[231,3,213,54],"tags":[292,475],"_links":{"self":[{"href":"https:\/\/psicologosyterapiadf.com.mx\/blog\/wp-json\/wp\/v2\/posts\/7530"}],"collection":[{"href":"https:\/\/psicologosyterapiadf.com.mx\/blog\/wp-json\/wp\/v2\/posts"}],"about":[{"href":"https:\/\/psicologosyterapiadf.com.mx\/blog\/wp-json\/wp\/v2\/types\/post"}],"author":[{"embeddable":true,"href":"https:\/\/psicologosyterapiadf.com.mx\/blog\/wp-json\/wp\/v2\/users\/1"}],"replies":[{"embeddable":true,"href":"https:\/\/psicologosyterapiadf.com.mx\/blog\/wp-json\/wp\/v2\/comments?post=7530"}],"version-history":[{"count":4,"href":"https:\/\/psicologosyterapiadf.com.mx\/blog\/wp-json\/wp\/v2\/posts\/7530\/revisions"}],"predecessor-version":[{"id":7535,"href":"https:\/\/psicologosyterapiadf.com.mx\/blog\/wp-json\/wp\/v2\/posts\/7530\/revisions\/7535"}],"wp:attachment":[{"href":"https:\/\/psicologosyterapiadf.com.mx\/blog\/wp-json\/wp\/v2\/media?parent=7530"}],"wp:term":[{"taxonomy":"category","embeddable":true,"href":"https:\/\/psicologosyterapiadf.com.mx\/blog\/wp-json\/wp\/v2\/categories?post=7530"},{"taxonomy":"post_tag","embeddable":true,"href":"https:\/\/psicologosyterapiadf.com.mx\/blog\/wp-json\/wp\/v2\/tags?post=7530"}],"curies":[{"name":"wp","href":"https:\/\/api.w.org\/{rel}","templated":true}]}}