{"id":7468,"date":"2021-07-28T10:19:40","date_gmt":"2021-07-28T16:19:40","guid":{"rendered":"https:\/\/psicologosyterapiadf.com.mx\/blog\/?p=7468"},"modified":"2021-08-02T07:42:48","modified_gmt":"2021-08-02T13:42:48","slug":"esclavo-de-uno-mismo","status":"publish","type":"post","link":"https:\/\/psicologosyterapiadf.com.mx\/blog\/2021\/07\/28\/esclavo-de-uno-mismo\/","title":{"rendered":"Esclavo de uno mismo"},"content":{"rendered":"<p style=\"text-align: left;\">Creo que cuando siento algo que me rebasa pierdo la sensaci\u00f3n de pisar tierra firme.<\/p>\n<p>Cuando hay incertidumbre o evasi\u00f3n dejo de sentifme due\u00f1o de m\u00ed.<\/p>\n<p>Ah\u00ed me vuelvo esclavo.<\/p>\n<p><img decoding=\"async\" loading=\"lazy\" class=\"aligncenter size-medium wp-image-7481\" src=\"https:\/\/psicologosyterapiadf.com.mx\/blog\/wp-content\/uploads\/2021\/07\/Esclavo-uno-mismo-psicologos-terapia-df-cdmx-300x188.jpeg\" alt=\"\" width=\"300\" height=\"188\" srcset=\"https:\/\/psicologosyterapiadf.com.mx\/blog\/wp-content\/uploads\/2021\/07\/Esclavo-uno-mismo-psicologos-terapia-df-cdmx-300x188.jpeg 300w, https:\/\/psicologosyterapiadf.com.mx\/blog\/wp-content\/uploads\/2021\/07\/Esclavo-uno-mismo-psicologos-terapia-df-cdmx.jpeg 512w\" sizes=\"(max-width: 300px) 100vw, 300px\" \/><!--more--><\/p>\n<p>Esclavo de mis emociones.<\/p>\n<p>Esclavo del entretenimiento.<\/p>\n<p>Esclavo de mi compulsi\u00f3n por hacer algo, lo que sea.<\/p>\n<p>Esclavo de la necesidad de estar &#8220;bien&#8221;.<\/p>\n<p>Esclavo de mis juicios y expectativas.<\/p>\n<p>Esclavo de querer tener raz\u00f3n.<\/p>\n<p>Esclavo de mis relaciones.<\/p>\n<p>Esclavo de querer tener el control.<\/p>\n<p>Esclavo de la tecnolog\u00eda y la informaci\u00f3n.<\/p>\n<p>Esclavo de competir por competir, trabajar por trabajar y ser productivo por ser productivo, sin tener una intenci\u00f3n clara.<\/p>\n<p>Esclavo de la esperanza de estar pleno en el futuro.<\/p>\n<p>Esclavo de mis recuerdos.<\/p>\n<p>Esclavo de mis reacciones.<\/p>\n<p>Esclavo de la dieta.<\/p>\n<p>Esclavo del tiempo hecho reloj, calendario y agenda.<\/p>\n<p>Esclavo de mis ideales, autocr\u00edtica y perfecci\u00f3n.<\/p>\n<p>Esclavo de mi voracidad por est\u00edmulos y cosas.<\/p>\n<p>Esclavo de querer &#8220;aprovechar&#8221;.<\/p>\n<p>Esclavo de no querer sentirme mala persona&#8230;<\/p>\n<p>Puedo volverme esclavo de tantas experiencias&#8230;<\/p>\n<p>No es &#8220;malo&#8221; ser esclavo de algo que me agobia de vez en cuando, es parte de un proceso para capacitarme en confiar, desapegarme y fluir.<\/p>\n<p>Sin embargo, la esclavitud cr\u00f3nica e inconsciente en donde justifico mi dolor o bienestar por completo en algo ajeno a m\u00ed es riesgosa porque se acentuar\u00e1 m\u00e1s y se volver\u00e1 un infierno.<\/p>\n<p>Una manera muy pac\u00edfica de adue\u00f1arme de m\u00ed, de recuperarme otra vez, viene de rendirme cuando la lucha y el esfuerzo s\u00f3lo\u00a0 me generan frustraci\u00f3n.<\/p>\n<p>Cuando reconozco mi esclavitud y la observo, en lugar de pelearme por una ilusi\u00f3n de libertad, empiezo a diluir grilletes de necesidades, deseos, caprichos, convenciones y condicionamientos.<\/p>\n<p>Aceptar mi parte dependiente, miedosa, dram\u00e1tica, voluble y oscura, me permite integrar los aspectos que no me encantan de m\u00ed para encontrar ligereza, alivio y libertad.<\/p>\n","protected":false},"excerpt":{"rendered":"<p>Psic\u00f3logo de M\u00e9xico DF, cuenta su experiencia como esclavo de sus emociones. <\/p>\n","protected":false},"author":1,"featured_media":0,"comment_status":"open","ping_status":"open","sticky":false,"template":"","format":"standard","meta":[],"categories":[231,188,213,54],"tags":[547],"_links":{"self":[{"href":"https:\/\/psicologosyterapiadf.com.mx\/blog\/wp-json\/wp\/v2\/posts\/7468"}],"collection":[{"href":"https:\/\/psicologosyterapiadf.com.mx\/blog\/wp-json\/wp\/v2\/posts"}],"about":[{"href":"https:\/\/psicologosyterapiadf.com.mx\/blog\/wp-json\/wp\/v2\/types\/post"}],"author":[{"embeddable":true,"href":"https:\/\/psicologosyterapiadf.com.mx\/blog\/wp-json\/wp\/v2\/users\/1"}],"replies":[{"embeddable":true,"href":"https:\/\/psicologosyterapiadf.com.mx\/blog\/wp-json\/wp\/v2\/comments?post=7468"}],"version-history":[{"count":7,"href":"https:\/\/psicologosyterapiadf.com.mx\/blog\/wp-json\/wp\/v2\/posts\/7468\/revisions"}],"predecessor-version":[{"id":7486,"href":"https:\/\/psicologosyterapiadf.com.mx\/blog\/wp-json\/wp\/v2\/posts\/7468\/revisions\/7486"}],"wp:attachment":[{"href":"https:\/\/psicologosyterapiadf.com.mx\/blog\/wp-json\/wp\/v2\/media?parent=7468"}],"wp:term":[{"taxonomy":"category","embeddable":true,"href":"https:\/\/psicologosyterapiadf.com.mx\/blog\/wp-json\/wp\/v2\/categories?post=7468"},{"taxonomy":"post_tag","embeddable":true,"href":"https:\/\/psicologosyterapiadf.com.mx\/blog\/wp-json\/wp\/v2\/tags?post=7468"}],"curies":[{"name":"wp","href":"https:\/\/api.w.org\/{rel}","templated":true}]}}