{"id":6815,"date":"2020-07-20T13:06:52","date_gmt":"2020-07-20T19:06:52","guid":{"rendered":"https:\/\/psicologosyterapiadf.com.mx\/blog\/?p=6815"},"modified":"2021-08-29T13:51:01","modified_gmt":"2021-08-29T19:51:01","slug":"por-que-es-bueno-compararte","status":"publish","type":"post","link":"https:\/\/psicologosyterapiadf.com.mx\/blog\/2020\/07\/20\/por-que-es-bueno-compararte\/","title":{"rendered":"Por qu\u00e9 es bueno compararte"},"content":{"rendered":"<p>Durante mucho tiempo me pele\u00e9 con la idea:<\/p>\n<p>&#8220;No te compares&#8221;<\/p>\n<p>Tambi\u00e9n con sus derivados: &#8220;De nada sirve compararte&#8221;, &#8220;Cada quien es \u00fanico&#8221;&#8230;<\/p>\n<p>Y entre m\u00e1s trataba de alinearme con esa intenci\u00f3n de no compararme, m\u00e1s me frustraba, porque segu\u00eda compar\u00e1ndome, pero con el agregado de sentirme defectuoso por no poder seguir el &#8220;sentido com\u00fan&#8221;.<\/p>\n<p>La idea de que &#8220;deber\u00eda dejar de compararme&#8221;, s\u00f3lo arraigaba esa experiencia: m\u00e1s me comparaba.<\/p>\n<p><img decoding=\"async\" loading=\"lazy\" class=\"aligncenter size-medium wp-image-6829\" src=\"https:\/\/psicologosyterapiadf.com.mx\/blog\/wp-content\/uploads\/2020\/07\/Bueno-compararte-psicologos-terapia-df-cdmx-valle-300x300.jpeg\" alt=\"\" width=\"300\" height=\"300\" srcset=\"https:\/\/psicologosyterapiadf.com.mx\/blog\/wp-content\/uploads\/2020\/07\/Bueno-compararte-psicologos-terapia-df-cdmx-valle-300x300.jpeg 300w, https:\/\/psicologosyterapiadf.com.mx\/blog\/wp-content\/uploads\/2020\/07\/Bueno-compararte-psicologos-terapia-df-cdmx-valle-80x80.jpeg 80w, https:\/\/psicologosyterapiadf.com.mx\/blog\/wp-content\/uploads\/2020\/07\/Bueno-compararte-psicologos-terapia-df-cdmx-valle.jpeg 450w\" sizes=\"(max-width: 300px) 100vw, 300px\" \/><\/p>\n<p><!--more--><\/p>\n<p>Y por lo general la comparaci\u00f3n no se quedaba ah\u00ed, sino que la mayor\u00eda de las veces se volv\u00eda devaluaci\u00f3n.<\/p>\n<p>Me comparaba con quien fuera, biograf\u00edas de gente famosa que encontraba en internet, amigos, familia&#8230;<\/p>\n<p>\u00a1para devaluarme!<\/p>\n<p>Ve\u00eda las grandezas de los dem\u00e1s, minimizaba mis logros y el efecto colateral era sentirme cada vez menos inspirado para hacer cambios.<\/p>\n<p>Incluso llegaba a compararme conmigo mismo, cuando era m\u00e1s lo que sea: m\u00e1s joven, m\u00e1s delgado, m\u00e1s fuerte, m\u00e1s adinerado&#8230;<\/p>\n<p>Ca\u00ed en la cuenta de que el \u00fanico pron\u00f3stico seguro era que mi momento actual, en un futuro ser\u00eda utilizado para compararme en contra.<\/p>\n<p>Cuando reconoc\u00ed que la tendencia era la comparaci\u00f3n para devaluarme, dej\u00e9 de pelearme con esa inercia.<\/p>\n<p>Ah\u00ed empec\u00e9 a dejar de compararme para lastimarme y comenc\u00e9 a preguntarme cu\u00e1l ser\u00eda el prop\u00f3sito de esa actitud, y c\u00f3mo podr\u00eda aprovecharla.<\/p>\n<p>Reconocer, por ejemplo, que este momento, ser\u00eda utilizado para ver lo que no tendr\u00eda\u00a0 en un futuro me permiti\u00f3 empezar a ser presente, y ser m\u00e1s capaz, as\u00ed, de apreciar los recursos que tengo en este instante sin mirar a mis recuerdos o a otras personas.<\/p>\n<p>Por otro lado, me percat\u00e9, gracias al trabajo con los pacientes que es de lo m\u00e1s humano y com\u00fan compararnos, todos lo hacemos, y todos nos peleamos por dejar de hacerlo.<\/p>\n<p>Y no est\u00e1 mal. Necesitamos compararnos.<\/p>\n<p>Por un un motivo pr\u00e1ctico que nada tiene que ver con autoestima: nos comparamos porque eso nos permite ubicarnos en el tiempo, en el espacio y en identidad.<\/p>\n<p>El contraste, el ver a otro, nos permite distinguirnos.<\/p>\n<p>\u00c9se es un motivo por el que nos enganchamos en relaciones de pareja que no parecen evolucionar: nos dan punto de referencia.<\/p>\n<p>S\u00e9 lo que puedo ser, hacer, dar; cuando tengo alguien a quien dirigir mi energ\u00eda; o cuando alguien es diferente a m\u00ed.<\/p>\n<p>Pero sin esa persona es dif\u00edcil (no imposible, pero s\u00ed dif\u00edcil) darme cuenta de qui\u00e9n soy, de lo que valgo, de lo que puedo hacer.<\/p>\n<p>Por eso nos comparamos en el fondo: para orientarnos y definirnos.<\/p>\n<p>Concuerdo en que es poco saludable que nuestra autoestima se infle o desinfle seg\u00fan comparaciones superficiales, pero obligarnos a no compararnos, es una invitaci\u00f3n t\u00e1cita a hacerlo a\u00fan m\u00e1s.<\/p>\n<p>Por el contrario, encontrarle un sentido a las bondades de la comparaci\u00f3n (descubrir patrones inconscientes, conocerme, definirme) ayudar\u00e1 a dejar de batallar con esa convenci\u00f3n hueca que queremos concretar sin reflexi\u00f3n ni resultados de &#8220;deja de compararte&#8221;.<\/p>\n<p>La pr\u00f3xima vez que te caches compar\u00e1ndote, sinti\u00e9ndote mal porque lo haces o porque no puedes dejar de hacerlo aunque &#8220;deber\u00edas&#8221;, reconoce que es de lo m\u00e1s humano hacerlo, ah\u00ed empezar\u00e1s a dejar de compararte para moverte hacia lo que quieres sin mirar a los lados.<\/p>\n<p>&nbsp;<\/p>\n","protected":false},"excerpt":{"rendered":"<p>Psic\u00f3logo de ciudad de M\u00e9xico describe por qu\u00e9 es bueno compararse y porqu\u00e9 frustra tanto no poder dejar de compararse con los dem\u00e1s.<\/p>\n","protected":false},"author":1,"featured_media":0,"comment_status":"open","ping_status":"open","sticky":false,"template":"","format":"standard","meta":[],"categories":[9],"tags":[532,183],"_links":{"self":[{"href":"https:\/\/psicologosyterapiadf.com.mx\/blog\/wp-json\/wp\/v2\/posts\/6815"}],"collection":[{"href":"https:\/\/psicologosyterapiadf.com.mx\/blog\/wp-json\/wp\/v2\/posts"}],"about":[{"href":"https:\/\/psicologosyterapiadf.com.mx\/blog\/wp-json\/wp\/v2\/types\/post"}],"author":[{"embeddable":true,"href":"https:\/\/psicologosyterapiadf.com.mx\/blog\/wp-json\/wp\/v2\/users\/1"}],"replies":[{"embeddable":true,"href":"https:\/\/psicologosyterapiadf.com.mx\/blog\/wp-json\/wp\/v2\/comments?post=6815"}],"version-history":[{"count":10,"href":"https:\/\/psicologosyterapiadf.com.mx\/blog\/wp-json\/wp\/v2\/posts\/6815\/revisions"}],"predecessor-version":[{"id":7527,"href":"https:\/\/psicologosyterapiadf.com.mx\/blog\/wp-json\/wp\/v2\/posts\/6815\/revisions\/7527"}],"wp:attachment":[{"href":"https:\/\/psicologosyterapiadf.com.mx\/blog\/wp-json\/wp\/v2\/media?parent=6815"}],"wp:term":[{"taxonomy":"category","embeddable":true,"href":"https:\/\/psicologosyterapiadf.com.mx\/blog\/wp-json\/wp\/v2\/categories?post=6815"},{"taxonomy":"post_tag","embeddable":true,"href":"https:\/\/psicologosyterapiadf.com.mx\/blog\/wp-json\/wp\/v2\/tags?post=6815"}],"curies":[{"name":"wp","href":"https:\/\/api.w.org\/{rel}","templated":true}]}}