{"id":6591,"date":"2020-04-19T18:06:13","date_gmt":"2020-04-20T00:06:13","guid":{"rendered":"https:\/\/psicologosyterapiadf.com.mx\/blog\/?p=6591"},"modified":"2020-04-20T12:08:23","modified_gmt":"2020-04-20T18:08:23","slug":"quien-soy","status":"publish","type":"post","link":"https:\/\/psicologosyterapiadf.com.mx\/blog\/2020\/04\/19\/quien-soy\/","title":{"rendered":"\u00bfQui\u00e9n soy?"},"content":{"rendered":"<p>&nbsp;<\/p>\n<p><img decoding=\"async\" loading=\"lazy\" class=\"aligncenter size-medium wp-image-6594\" src=\"https:\/\/psicologosyterapiadf.com.mx\/blog\/wp-content\/uploads\/2020\/04\/Quien-soy-psicologos-terapia-linea-df-cdmx-valle-300x274.jpeg\" alt=\"\" width=\"300\" height=\"274\" srcset=\"https:\/\/psicologosyterapiadf.com.mx\/blog\/wp-content\/uploads\/2020\/04\/Quien-soy-psicologos-terapia-linea-df-cdmx-valle-300x274.jpeg 300w, https:\/\/psicologosyterapiadf.com.mx\/blog\/wp-content\/uploads\/2020\/04\/Quien-soy-psicologos-terapia-linea-df-cdmx-valle.jpeg 401w\" sizes=\"(max-width: 300px) 100vw, 300px\" \/><\/p>\n<p>No es padre en muchos sentidos sentirse limitado por factores ajenos a nuestro control&#8230;<\/p>\n<p>Sin embargo, la cuarentena, sesentena o contingencia en general brinda una oportunidad para conocernos.<\/p>\n<p><!--more--><\/p>\n<p>Disminuye el ritmo tan acelerado y saturado al que nos hemos habituado, hay muchas menos opciones para distraerse.<\/p>\n<p>En consecuencia ser\u00e1 muy probable que salgan a flote emociones que no son gratas y que mantenemos a raya con diversas experiencias que antes eran cotidianas.<\/p>\n<p>Con m\u00e1s tiempo, menos est\u00edmulos y encierro, experimentaremos emociones y pensamientos que siempre est\u00e1n ah\u00ed. Algunas ser\u00e1n agradables, otras no tanto, pero ambas, nos permiten saber quienes somos.<\/p>\n<p>Hace un a\u00f1o le\u00ed una idea que expresaba:<\/p>\n<blockquote><p>si te quedaras absolutamente\u00a0 solo en este mundo, \u00bfqu\u00e9 seguir\u00edas haciendo?<\/p><\/blockquote>\n<p>No es tan radical la situaci\u00f3n que vivimos, pero creo que nos permite experimentar una posibilidad similar.<\/p>\n<p>Lo que sigo haciendo sin darme cuenta,<\/p>\n<p>lo que hago y disfruto sin remordimiento en estos momentos,<\/p>\n<p>lo que aunque quiero no puedo dejar de hacer,<\/p>\n<p>eso me da pistas de qui\u00e9n soy.<\/p>\n<p>En estos momentos no me va a ser tan f\u00e1cil esconderme de m\u00ed o aparentar algo que no soy.<\/p>\n<p>Esta es una oportunidad para conocerme, aceptarme, reinventarme.<\/p>\n","protected":false},"excerpt":{"rendered":"<p>Psic\u00f3logo de ciudad de M\u00e9xico explica porque estos momentos de cuarentena son una oportunidad para responder a la pregunta: &#8220;\u00bfqui\u00e9n soy?&#8221;<\/p>\n","protected":false},"author":1,"featured_media":0,"comment_status":"open","ping_status":"open","sticky":false,"template":"","format":"standard","meta":[],"categories":[9],"tags":[526,527,135],"_links":{"self":[{"href":"https:\/\/psicologosyterapiadf.com.mx\/blog\/wp-json\/wp\/v2\/posts\/6591"}],"collection":[{"href":"https:\/\/psicologosyterapiadf.com.mx\/blog\/wp-json\/wp\/v2\/posts"}],"about":[{"href":"https:\/\/psicologosyterapiadf.com.mx\/blog\/wp-json\/wp\/v2\/types\/post"}],"author":[{"embeddable":true,"href":"https:\/\/psicologosyterapiadf.com.mx\/blog\/wp-json\/wp\/v2\/users\/1"}],"replies":[{"embeddable":true,"href":"https:\/\/psicologosyterapiadf.com.mx\/blog\/wp-json\/wp\/v2\/comments?post=6591"}],"version-history":[{"count":5,"href":"https:\/\/psicologosyterapiadf.com.mx\/blog\/wp-json\/wp\/v2\/posts\/6591\/revisions"}],"predecessor-version":[{"id":6597,"href":"https:\/\/psicologosyterapiadf.com.mx\/blog\/wp-json\/wp\/v2\/posts\/6591\/revisions\/6597"}],"wp:attachment":[{"href":"https:\/\/psicologosyterapiadf.com.mx\/blog\/wp-json\/wp\/v2\/media?parent=6591"}],"wp:term":[{"taxonomy":"category","embeddable":true,"href":"https:\/\/psicologosyterapiadf.com.mx\/blog\/wp-json\/wp\/v2\/categories?post=6591"},{"taxonomy":"post_tag","embeddable":true,"href":"https:\/\/psicologosyterapiadf.com.mx\/blog\/wp-json\/wp\/v2\/tags?post=6591"}],"curies":[{"name":"wp","href":"https:\/\/api.w.org\/{rel}","templated":true}]}}