{"id":6182,"date":"2019-09-08T18:12:15","date_gmt":"2019-09-09T00:12:15","guid":{"rendered":"https:\/\/psicologosyterapiadf.com.mx\/blog\/?p=6182"},"modified":"2019-09-09T17:28:38","modified_gmt":"2019-09-09T23:28:38","slug":"curso-de-primeros-auxilios-psicologicos-cdmx","status":"publish","type":"post","link":"https:\/\/psicologosyterapiadf.com.mx\/blog\/2019\/09\/08\/curso-de-primeros-auxilios-psicologicos-cdmx\/","title":{"rendered":"Curso de Primeros Auxilios Psicol\u00f3gicos CDMX"},"content":{"rendered":"<h1 style=\"text-align: center;\"><strong>Curso de Primeros Auxilios Psicol\u00f3gicos CDMX<\/strong><\/h1>\n<p>&nbsp;<\/p>\n<p><strong>Motivaci\u00f3n del curso:<\/strong><\/p>\n<p style=\"text-align: left;\">Brindar soporte emocional<br \/>\noportuno en situaciones<br \/>\nque incapacitan o limitan la<br \/>\ncalidad de vida emocional y f\u00edsica de personas sometidas a experiencias estresantes puede prevenir que se desencadenen conflictos en \u00e1reas de trabajo.<\/p>\n<p style=\"text-align: left;\">Ah\u00ed surge la importancia de conocer en qu\u00e9\u00a0 consisten los primeros auxilios<br \/>\npsicol\u00f3gicos y c\u00f3mo desarrollar estrategias para contener, orientar y brindar herramientas a individuos vulnerables, para, seg\u00fan sea, el caso dar el seguimiento que corresponda.<!--more--><\/p>\n<p><strong>Temario del curso.\u00a0<\/strong><\/p>\n<p>1. Generalidades:<\/p>\n<p>definici\u00f3n de Crisis<\/p>\n<p>Tipos de crisis<\/p>\n<p>Fases de una crisis<\/p>\n<p>Reacci\u00f3n frente a la crisis<\/p>\n<p>Trastornos de estr\u00e9s agudo y postraum\u00e1tico.<\/p>\n<p>Diferencia entre ansiedad y depresi\u00f3n.<\/p>\n<p>&nbsp;<\/p>\n<p>2. Autocuidado:<\/p>\n<p>Todo empieza por uno mismo.<\/p>\n<p>Introspecci\u00f3n.<\/p>\n<p>Reconocimiento de vulnerabilidad y consideraci\u00f3n de la misma como herramienta.<\/p>\n<p>Resiliencia.<\/p>\n<p>&nbsp;<\/p>\n<p>3. Aplicaci\u00f3n de Primeros Auxilios Psicol\u00f3gicos en adultos:<\/p>\n<p>Revisi\u00f3n de tipo de crisis.<\/p>\n<p>Empat\u00eda.<\/p>\n<p>T\u00e9cnicas de intervenci\u00f3n.<\/p>\n<p>Evaluaci\u00f3n de factores de riesgo y elementos de apoyo.<\/p>\n<p>Se\u00f1ales de Alarma.<\/p>\n<p>&nbsp;<\/p>\n<p>&nbsp;<\/p>\n<p>&nbsp;<\/p>\n<p><strong>Objetivos del curso:<\/strong><\/p>\n<p>El curso pretende que los participantes aprendan las habilidades para aplicar los primeros auxilios psicol\u00f3gicos frente a una crisis al tiempo que considera las caracter\u00edsticas de los afectados y las acciones correspondientes de atenci\u00f3n.<\/p>\n<p><strong>Duraci\u00f3n:<\/strong><\/p>\n<p>4 horas en 2 sesiones de 2horas.<\/p>\n<p>&nbsp;<\/p>\n<p><strong>Inversi\u00f3n<\/strong>:<\/p>\n<p>$2000.00 por participante.<\/p>\n<p>&nbsp;<\/p>\n<p>Si se requiere factura cobrar\u00e1\u00a0 el 16% de IVA.<\/p>\n<p>&nbsp;<\/p>\n<p>&nbsp;<\/p>\n<p>&nbsp;<\/p>\n","protected":false},"excerpt":{"rendered":"<p>Curso de Primeros Auxilios Psicol\u00f3gicos en CDMX orientado a empresas.<\/p>\n","protected":false},"author":1,"featured_media":0,"comment_status":"open","ping_status":"open","sticky":false,"template":"","format":"standard","meta":[],"categories":[478],"tags":[521],"_links":{"self":[{"href":"https:\/\/psicologosyterapiadf.com.mx\/blog\/wp-json\/wp\/v2\/posts\/6182"}],"collection":[{"href":"https:\/\/psicologosyterapiadf.com.mx\/blog\/wp-json\/wp\/v2\/posts"}],"about":[{"href":"https:\/\/psicologosyterapiadf.com.mx\/blog\/wp-json\/wp\/v2\/types\/post"}],"author":[{"embeddable":true,"href":"https:\/\/psicologosyterapiadf.com.mx\/blog\/wp-json\/wp\/v2\/users\/1"}],"replies":[{"embeddable":true,"href":"https:\/\/psicologosyterapiadf.com.mx\/blog\/wp-json\/wp\/v2\/comments?post=6182"}],"version-history":[{"count":7,"href":"https:\/\/psicologosyterapiadf.com.mx\/blog\/wp-json\/wp\/v2\/posts\/6182\/revisions"}],"predecessor-version":[{"id":6189,"href":"https:\/\/psicologosyterapiadf.com.mx\/blog\/wp-json\/wp\/v2\/posts\/6182\/revisions\/6189"}],"wp:attachment":[{"href":"https:\/\/psicologosyterapiadf.com.mx\/blog\/wp-json\/wp\/v2\/media?parent=6182"}],"wp:term":[{"taxonomy":"category","embeddable":true,"href":"https:\/\/psicologosyterapiadf.com.mx\/blog\/wp-json\/wp\/v2\/categories?post=6182"},{"taxonomy":"post_tag","embeddable":true,"href":"https:\/\/psicologosyterapiadf.com.mx\/blog\/wp-json\/wp\/v2\/tags?post=6182"}],"curies":[{"name":"wp","href":"https:\/\/api.w.org\/{rel}","templated":true}]}}