{"id":616,"date":"2016-01-15T13:19:27","date_gmt":"2016-01-15T19:19:27","guid":{"rendered":"http:\/\/psicologosyterapiadf.com.mx\/blog\/?p=616"},"modified":"2016-01-15T13:26:20","modified_gmt":"2016-01-15T19:26:20","slug":"calentamiento","status":"publish","type":"post","link":"https:\/\/psicologosyterapiadf.com.mx\/blog\/2016\/01\/15\/calentamiento\/","title":{"rendered":"Calentamiento"},"content":{"rendered":"<p><strong>\u00a0<a href=\"http:\/\/psicologosyterapiadf.com.mx\/blog\/wp-content\/uploads\/2016\/01\/Psic\u00f3logos-DF-psic\u00f3logos-Colonia-del-Valle-psic\u00f3logos-dependencia-emocional-terapia-de-pareja-psic\u00f3logos-M\u00e9xico-Psic\u00f3logos-Benito-Ju\u00e1rez-Psic\u00f3logos-M\u00e9xico-2.jpg\"><img decoding=\"async\" loading=\"lazy\" class=\"aligncenter size-medium wp-image-617\" src=\"http:\/\/psicologosyterapiadf.com.mx\/blog\/wp-content\/uploads\/2016\/01\/Psic\u00f3logos-DF-psic\u00f3logos-Colonia-del-Valle-psic\u00f3logos-dependencia-emocional-terapia-de-pareja-psic\u00f3logos-M\u00e9xico-Psic\u00f3logos-Benito-Ju\u00e1rez-Psic\u00f3logos-M\u00e9xico-2-300x225.jpg\" alt=\"Psic\u00f3logos-DF-psic\u00f3logos-Colonia del-Valle-psic\u00f3logos-dependencia-emocional-terapia-de-pareja-psic\u00f3logos-M\u00e9xico-Psic\u00f3logos-Benito-Ju\u00e1rez-Psic\u00f3logos-M\u00e9xico\" width=\"300\" height=\"225\" srcset=\"https:\/\/psicologosyterapiadf.com.mx\/blog\/wp-content\/uploads\/2016\/01\/Psic\u00f3logos-DF-psic\u00f3logos-Colonia-del-Valle-psic\u00f3logos-dependencia-emocional-terapia-de-pareja-psic\u00f3logos-M\u00e9xico-Psic\u00f3logos-Benito-Ju\u00e1rez-Psic\u00f3logos-M\u00e9xico-2-300x225.jpg 300w, https:\/\/psicologosyterapiadf.com.mx\/blog\/wp-content\/uploads\/2016\/01\/Psic\u00f3logos-DF-psic\u00f3logos-Colonia-del-Valle-psic\u00f3logos-dependencia-emocional-terapia-de-pareja-psic\u00f3logos-M\u00e9xico-Psic\u00f3logos-Benito-Ju\u00e1rez-Psic\u00f3logos-M\u00e9xico-2.jpg 400w\" sizes=\"(max-width: 300px) 100vw, 300px\" \/><\/a><\/strong><!--more--><\/p>\n<p>Me he dado cuenta que cuando entreno, es mucho m\u00e1s f\u00e1cil la ejecuci\u00f3n de lo que voy a hacer si caliento previamente. Se agrega como beneficio disminuir las posibilidades de lesionarte\u2026<\/p>\n<p>&nbsp;<\/p>\n<p>A veces soy impaciente y me gusta correr r\u00e1pido o cargar mucho peso sin incrementar la carga gradualmente o estirar\u2026 a veces oigo que me truenan las articulaciones si no hago esto, s\u00ed ha ocurrido que me he lastimado en alguna ocasi\u00f3n\u2026 Entonces me da flojera o miedo volver a hacer ejercicio.<\/p>\n<p>&nbsp;<\/p>\n<p>Ahora, que si adem\u00e1s de calentar, hacer lo que me corresponde, estiro al final, es poco probable que despierte al d\u00eda siguiente adolorido, incluso me siento m\u00e1s flexible, con m\u00e1s facilidad para entrenar la siguiente ocasi\u00f3n despu\u00e9s de descansar.<\/p>\n<p>&nbsp;<\/p>\n<p>Me he fijado que esta misma din\u00e1mica se puede aplicar con las cosas que no nos gustan o nos cuestan trabajo en la vida cotidiana:<\/p>\n<p>&nbsp;<\/p>\n<p>&#8211;\u00a0\u00a0\u00a0\u00a0\u00a0\u00a0\u00a0\u00a0\u00a0 Si caliento, es decir, si hago poco o inicio algo que me cuesta trabajo, se dar\u00e1 una inercia que har\u00e1 m\u00e1s f\u00e1cil esa actividad,<\/p>\n<p>&nbsp;<\/p>\n<p>&#8211;\u00a0\u00a0\u00a0\u00a0\u00a0\u00a0\u00a0\u00a0\u00a0 Si estiro, o en otras palabras, asimilo la experiencia que viv\u00ed sabore\u00e1ndola o pregunt\u00e1ndome que me agrego como aprendizaje, me ser\u00e1 m\u00e1s f\u00e1cil revivirla cuando llegue el momento de ejecutarla otra vez y tendr\u00e9 m\u00e1s confianza para vivirla sin tanto miedo o morosidad.<\/p>\n<p>La pr\u00f3xima vez que te enfrentes con algo que te da miedo o pereza, trata de calentar solamente, mant\u00e9n f\u00e1cil la experiencia y de ah\u00ed te ganar\u00e1 el ritmo para llevarla a otro nivel de complejidad.<\/p>\n<p><a href=\"http:\/\/psicologosyterapiadf.com.mx\/blog\/wp-content\/uploads\/2016\/01\/Psic\u00f3logos-DF-psic\u00f3logos-Colonia-del-Valle-psic\u00f3logos-dependencia-emocional-terapia-de-pareja-psic\u00f3logos-M\u00e9xico-Psic\u00f3logos-Benito-Ju\u00e1rez-Psic\u00f3logos-M\u00e9xico1.jpg\"><img decoding=\"async\" loading=\"lazy\" class=\"aligncenter size-full wp-image-618\" src=\"http:\/\/psicologosyterapiadf.com.mx\/blog\/wp-content\/uploads\/2016\/01\/Psic\u00f3logos-DF-psic\u00f3logos-Colonia-del-Valle-psic\u00f3logos-dependencia-emocional-terapia-de-pareja-psic\u00f3logos-M\u00e9xico-Psic\u00f3logos-Benito-Ju\u00e1rez-Psic\u00f3logos-M\u00e9xico1.jpg\" alt=\"Psic\u00f3logos-DF-psic\u00f3logos-Colonia del-Valle-psic\u00f3logos-dependencia-emocional-terapia-de-pareja-psic\u00f3logos-M\u00e9xico-Psic\u00f3logos-Benito-Ju\u00e1rez-Psic\u00f3logos-M\u00e9xico\" width=\"298\" height=\"169\" \/><\/a><\/p>\n<p>Arturo Hern\u00e1ndez Vera, especialista en dependencia emocional, infidelidad, celos y resolver ruptura de pareja<\/p>\n<p>Psic\u00f3logos y terapia individual y de pareja en el D.F.<\/p>\n<p>artherver@yahoo.com.mx<\/p>\n<p>0445530729624<\/p>\n<p>&nbsp;<\/p>\n","protected":false},"excerpt":{"rendered":"<p>\u00a0<\/p>\n","protected":false},"author":1,"featured_media":0,"comment_status":"open","ping_status":"open","sticky":false,"template":"","format":"standard","meta":[],"categories":[5,54,4],"tags":[69,68,11,179,57,70],"_links":{"self":[{"href":"https:\/\/psicologosyterapiadf.com.mx\/blog\/wp-json\/wp\/v2\/posts\/616"}],"collection":[{"href":"https:\/\/psicologosyterapiadf.com.mx\/blog\/wp-json\/wp\/v2\/posts"}],"about":[{"href":"https:\/\/psicologosyterapiadf.com.mx\/blog\/wp-json\/wp\/v2\/types\/post"}],"author":[{"embeddable":true,"href":"https:\/\/psicologosyterapiadf.com.mx\/blog\/wp-json\/wp\/v2\/users\/1"}],"replies":[{"embeddable":true,"href":"https:\/\/psicologosyterapiadf.com.mx\/blog\/wp-json\/wp\/v2\/comments?post=616"}],"version-history":[{"count":0,"href":"https:\/\/psicologosyterapiadf.com.mx\/blog\/wp-json\/wp\/v2\/posts\/616\/revisions"}],"wp:attachment":[{"href":"https:\/\/psicologosyterapiadf.com.mx\/blog\/wp-json\/wp\/v2\/media?parent=616"}],"wp:term":[{"taxonomy":"category","embeddable":true,"href":"https:\/\/psicologosyterapiadf.com.mx\/blog\/wp-json\/wp\/v2\/categories?post=616"},{"taxonomy":"post_tag","embeddable":true,"href":"https:\/\/psicologosyterapiadf.com.mx\/blog\/wp-json\/wp\/v2\/tags?post=616"}],"curies":[{"name":"wp","href":"https:\/\/api.w.org\/{rel}","templated":true}]}}