{"id":5444,"date":"2019-05-29T02:56:10","date_gmt":"2019-05-29T08:56:10","guid":{"rendered":"https:\/\/psicologosyterapiadf.com.mx\/blog\/?p=5444"},"modified":"2019-05-29T07:27:20","modified_gmt":"2019-05-29T13:27:20","slug":"taller-vivencial-para-padres-comunicacion-y-buenas-relaciones-entre-padres-e-hijos-adolescentes","status":"publish","type":"post","link":"https:\/\/psicologosyterapiadf.com.mx\/blog\/2019\/05\/29\/taller-vivencial-para-padres-comunicacion-y-buenas-relaciones-entre-padres-e-hijos-adolescentes\/","title":{"rendered":"Taller vivencial para padres: comunicaci\u00f3n y buenas relaciones entre padres e hijos adolescentes"},"content":{"rendered":"<p><strong>Taller vivencial para padres de familia: Comunicaci\u00f3n y buenas relaciones entre padres e hijos adolescentes<\/strong>.<!--more--><\/p>\n<p>-\u00bfTe gustar\u00eda conocer qu\u00e9 es lo que est\u00e1 viviendo tu hijo y aprender a construir una buena relaci\u00f3n con \u00e9l?<br \/>\n-\u00bfTe gustar\u00eda explorar tus miedos y tus expectativas con respecto a los comportamientos y actitudes de tus hijos, junto con otros padres de familia?<br \/>\n-\u00bfTe gustar\u00eda exponer tus dudas sobre los temas m\u00e1s importantes en la adolescencia; consumo de drogas, sexualidad, suicidio, nuevas tecnolog\u00edas y redes sociales, amigos, escuela, l\u00edmites y consecuencias?<br \/>\n-\u00bfTe gustar\u00eda tener herramientas muy simples para comunicarte con tus hijos asertivamente?<\/p>\n<p>S\u00ed te interesan estos temas y quieres un espacio con otros padres de familia para dialogar y aprender, \u00a1Inscr\u00edbete al taller!<br \/>\nS\u00e1bado 8 de Junio de 9:00 am a 2:00 pm en la Serendipia, Col. Del Valle.<br \/>\nCosto por personas $900.00, descuento por pronto pago $800 y $1400 por pareja.<br \/>\nInfo:<\/p>\n<p>Psic\u00f3loga<br \/>\nKarla V\u00e1zquez <a href=\"tel:\/\/5528991700\">5528991700<\/a><\/p>\n","protected":false},"excerpt":{"rendered":"<p>Taller para adolescentes impartido en la.Colonia del Valle Ciudad de M\u00e9xico, DF, impartido por la psic\u00f3loga Karla V\u00e1zquez Alonzo.<\/p>\n","protected":false},"author":1,"featured_media":5450,"comment_status":"open","ping_status":"open","sticky":false,"template":"","format":"standard","meta":[],"categories":[477,277],"tags":[88,481,480],"_links":{"self":[{"href":"https:\/\/psicologosyterapiadf.com.mx\/blog\/wp-json\/wp\/v2\/posts\/5444"}],"collection":[{"href":"https:\/\/psicologosyterapiadf.com.mx\/blog\/wp-json\/wp\/v2\/posts"}],"about":[{"href":"https:\/\/psicologosyterapiadf.com.mx\/blog\/wp-json\/wp\/v2\/types\/post"}],"author":[{"embeddable":true,"href":"https:\/\/psicologosyterapiadf.com.mx\/blog\/wp-json\/wp\/v2\/users\/1"}],"replies":[{"embeddable":true,"href":"https:\/\/psicologosyterapiadf.com.mx\/blog\/wp-json\/wp\/v2\/comments?post=5444"}],"version-history":[{"count":5,"href":"https:\/\/psicologosyterapiadf.com.mx\/blog\/wp-json\/wp\/v2\/posts\/5444\/revisions"}],"predecessor-version":[{"id":5452,"href":"https:\/\/psicologosyterapiadf.com.mx\/blog\/wp-json\/wp\/v2\/posts\/5444\/revisions\/5452"}],"wp:featuredmedia":[{"embeddable":true,"href":"https:\/\/psicologosyterapiadf.com.mx\/blog\/wp-json\/wp\/v2\/media\/5450"}],"wp:attachment":[{"href":"https:\/\/psicologosyterapiadf.com.mx\/blog\/wp-json\/wp\/v2\/media?parent=5444"}],"wp:term":[{"taxonomy":"category","embeddable":true,"href":"https:\/\/psicologosyterapiadf.com.mx\/blog\/wp-json\/wp\/v2\/categories?post=5444"},{"taxonomy":"post_tag","embeddable":true,"href":"https:\/\/psicologosyterapiadf.com.mx\/blog\/wp-json\/wp\/v2\/tags?post=5444"}],"curies":[{"name":"wp","href":"https:\/\/api.w.org\/{rel}","templated":true}]}}