{"id":4725,"date":"2018-08-16T18:55:30","date_gmt":"2018-08-17T00:55:30","guid":{"rendered":"https:\/\/psicologosyterapiadf.com.mx\/blog\/?p=4725"},"modified":"2018-08-16T20:48:35","modified_gmt":"2018-08-17T02:48:35","slug":"comodidad-o-alivio","status":"publish","type":"post","link":"https:\/\/psicologosyterapiadf.com.mx\/blog\/2018\/08\/16\/comodidad-o-alivio\/","title":{"rendered":"\u00bfComodidad o alivio?"},"content":{"rendered":"<p>Una solicitud frecuente que hallo en el consultorio (y que yo mismo me demando) es:<\/p>\n<blockquote><p>Quiero estar bien.<\/p><\/blockquote>\n<p>El problema con esta frase es su ambig\u00fcedad, pues: \u00bfQu\u00e9 es &#8220;estar bien&#8221;?<\/p>\n<p>La respuesta m\u00e1s sencilla es: quiero dejar de sentir algo desagradable, ll\u00e1mese: dolor, tristeza, angustia, vac\u00edo&#8230;<!--more--><\/p>\n<p style=\"text-align: left;\">Hoy me aclar\u00f3 una maestra este tema del &#8220;estar bien&#8221;.\u00a0 Al empezar le dije que me hab\u00eda llevado de la clase anterior, buscar un lugar para permanecer &#8220;<em>c\u00f3modo<\/em>&#8220;.<\/p>\n<p>Ah\u00ed me aclar\u00f3 que se refer\u00eda a &#8220;<strong>alivio<\/strong>&#8221; no a comodidad. Comenz\u00f3 una explicaci\u00f3n muy interesante acerca de c\u00f3mo sobrestimamos la comodidad, lo que se vuelve\u00a0 la &#8220;zona de comfort&#8221;, experiencia que muchas veces no tiene mucho de confortable y s\u00ed mucho de costumbre.<\/p>\n<p>Alivio implica <strong>sentir\u00a0<\/strong>y creo que muchas veces en nuestra b\u00fasqueda de &#8220;quiero estar bien&#8221;, lo que pretendemos es un analg\u00e9sico que nos quite desde el dolor de cabeza hasta el dolor emocional.<\/p>\n<p>A veces el alivio, me dec\u00eda mi maestra, supone adem\u00e1s de sentir, tambi\u00e9n una incomodidad transitoria: un dolor. P\u00f3ngase de ejemplo vomitar, que si bien es una experiencia muy desagradable tambi\u00e9n alivia. En mi campo lo veo con soltar una dependencia, vendr\u00e1 un s\u00edndrome de abstinencia, inc\u00f3modo, pero tambi\u00e9n vendr\u00e1 la paz.<\/p>\n<p>Me dej\u00f3 pensando en qu\u00e9 es lo busco en realidad en momentos malos, \u00bfquiero sentirme bien, quiero anestesiarme, o quiero aliviarme?<\/p>\n<p>Creo que la diferencia entre ese &#8220;estar bien&#8221; gen\u00e9rico y el alivio suponen consciencia y permanencia. La comodidad puede seducirnos con una distracci\u00f3n a corto plazo, que descuide una armon\u00eda que en el fondo buscamos y merecemos.<\/p>\n<p>Hay una par de frases que me gustan y\u00a0 van en la misma l\u00ednea que ese contraste entre alivio y comodidad, la primera dice: &#8220;el enemigo de lo mejor, no es lo malo, es lo bueno&#8221;, la segunda es: &#8220;el enemigo de lo extraordinario, es lo ordinario&#8221;.<\/p>\n<p>M\u00e1s sobre la fuente de esta entrada en el siguiente post de mi maestra que se llama:<\/p>\n<p><a href=\"http:\/\/valesarivera.com\/2000\/el-cuerpo-como-protesta\/\">El cuerpo como protesta.<\/a><\/p>\n","protected":false},"excerpt":{"rendered":"<p>\u00bfQuieres sentirte bien? \u00bfQuieres estar c\u00f3modo? \u00bfQuieres sentir alivio?<\/p>\n<p>Conoce la diferencia.<\/p>\n","protected":false},"author":1,"featured_media":4733,"comment_status":"open","ping_status":"open","sticky":false,"template":"","format":"standard","meta":[],"categories":[231,374,213,54],"tags":[416,293],"_links":{"self":[{"href":"https:\/\/psicologosyterapiadf.com.mx\/blog\/wp-json\/wp\/v2\/posts\/4725"}],"collection":[{"href":"https:\/\/psicologosyterapiadf.com.mx\/blog\/wp-json\/wp\/v2\/posts"}],"about":[{"href":"https:\/\/psicologosyterapiadf.com.mx\/blog\/wp-json\/wp\/v2\/types\/post"}],"author":[{"embeddable":true,"href":"https:\/\/psicologosyterapiadf.com.mx\/blog\/wp-json\/wp\/v2\/users\/1"}],"replies":[{"embeddable":true,"href":"https:\/\/psicologosyterapiadf.com.mx\/blog\/wp-json\/wp\/v2\/comments?post=4725"}],"version-history":[{"count":11,"href":"https:\/\/psicologosyterapiadf.com.mx\/blog\/wp-json\/wp\/v2\/posts\/4725\/revisions"}],"predecessor-version":[{"id":4737,"href":"https:\/\/psicologosyterapiadf.com.mx\/blog\/wp-json\/wp\/v2\/posts\/4725\/revisions\/4737"}],"wp:featuredmedia":[{"embeddable":true,"href":"https:\/\/psicologosyterapiadf.com.mx\/blog\/wp-json\/wp\/v2\/media\/4733"}],"wp:attachment":[{"href":"https:\/\/psicologosyterapiadf.com.mx\/blog\/wp-json\/wp\/v2\/media?parent=4725"}],"wp:term":[{"taxonomy":"category","embeddable":true,"href":"https:\/\/psicologosyterapiadf.com.mx\/blog\/wp-json\/wp\/v2\/categories?post=4725"},{"taxonomy":"post_tag","embeddable":true,"href":"https:\/\/psicologosyterapiadf.com.mx\/blog\/wp-json\/wp\/v2\/tags?post=4725"}],"curies":[{"name":"wp","href":"https:\/\/api.w.org\/{rel}","templated":true}]}}