{"id":4672,"date":"2018-07-20T12:14:24","date_gmt":"2018-07-20T18:14:24","guid":{"rendered":"http:\/\/psicologosyterapiadf.com.mx\/blog\/?p=4672"},"modified":"2018-07-20T12:27:29","modified_gmt":"2018-07-20T18:27:29","slug":"carta-de-paciente","status":"publish","type":"post","link":"https:\/\/psicologosyterapiadf.com.mx\/blog\/2018\/07\/20\/carta-de-paciente\/","title":{"rendered":"Carta de paciente"},"content":{"rendered":"<p>Hace un par de a\u00f1os compart\u00ed una <a href=\"http:\/\/psicologosyterapiadf.com.mx\/blog\/2016\/07\/07\/carta-a-la-impotencia\/\">carta que una paciente dedicaba a la impotencia<\/a>.<\/p>\n<p>En ocasiones creo que nos ayuda ver que otros han vivido lo mismo que nosotros. Eso permite sentirnos menos solos, pero creo que percibir que alguien m\u00e1s ya trascendi\u00f3 ese momento amargo ayuda a generar esperanza en nuestro propio proceso.<\/p>\n<p>Le ped\u00ed autorizaci\u00f3n a mi paciente para compartir lo que ella me escribi\u00f3 y accedi\u00f3 amablemente:<\/p>\n<p><img decoding=\"async\" loading=\"lazy\" class=\"aligncenter size-medium wp-image-4675\" src=\"http:\/\/psicologosyterapiadf.com.mx\/blog\/wp-content\/uploads\/2018\/07\/Carta-de-paciente-de-psicologo-ciudad-de-mexico-df-300x197.jpg\" alt=\"Carta-de-paciente-de-psicologo-ciudad-de-mexico-df\" width=\"300\" height=\"197\" srcset=\"https:\/\/psicologosyterapiadf.com.mx\/blog\/wp-content\/uploads\/2018\/07\/Carta-de-paciente-de-psicologo-ciudad-de-mexico-df-300x197.jpg 300w, https:\/\/psicologosyterapiadf.com.mx\/blog\/wp-content\/uploads\/2018\/07\/Carta-de-paciente-de-psicologo-ciudad-de-mexico-df.jpg 368w\" sizes=\"(max-width: 300px) 100vw, 300px\" \/><\/p>\n<p><!--more--><\/p>\n<p>El poder del agradecimiento.<\/p>\n<p>Agradecer, es una palabra muy poderosa, sin embargo cuando estamos abrumados por alguna situaci\u00f3n que nosotros consideramos imposible de enfrentar, esta palabra es la \u00faltima que nos pasa por la mente. \u00bfC\u00f3mo agradecer por el insomnio, la tristeza, el llanto, \u00a0la angustia, el enojo, la decepci\u00f3n, la impotencia, o algunas otras emociones desagradables que nos generan incomodidad?<br \/>\nPara poder llegar a este paso, es importante transitar por una serie de experiencias agradables y desagradables, que, indudablemente, \u00a0generan una visi\u00f3n m\u00e1s amplia de nuestro problema, pero sobre todo un crecimiento personal, comenzamos a ver nuestro problema con otros ojos, en mi caso comenzando por la tristeza, nostalgia, insomnio y ansiedad por la relaci\u00f3n que hab\u00eda terminado y las expectativas que ten\u00eda de la misma, \u00a0pasando por la impotencia, culpa y el \u201chubiera\u201d, que esto, en lugar de generar tranquilidad, genera pensamientos recurrentes, viajando a un extremo donde a veces es dif\u00edcil salir y en lugar de sentirte mejor, te estancas en esas ideas que vas creando.<\/p>\n<p>La compa\u00f1\u00eda de tus amigos y familia es importante y reconfortante, pues ayudan a que uno haga catarsis en algunos momentos en donde prevalece la desesperaci\u00f3n, sin embargo s\u00f3lo \u00a0brinda tranquilidad y distracci\u00f3n por un momento, despu\u00e9s vuelven aquellos sentimientos incomodos en d\u00f3nde uno desea de manera inmediata que se esfumen, siendo que al experimentarlos genera un gran malestar, y buscas la manera de evadirlos, con exceso de actividades que impidan la salida las emociones, es aqu\u00ed, el momento en el que te das cuenta de que necesitas la ayuda de alguien m\u00e1s, ajeno a tu contexto.<\/p>\n<p>Las sacudidas de nuestras vidas, \u00a0brindan un gran empuje y a veces cuando se pierde las ganancias son abundantes, \u00a0pues al haber desequilibrio, volvemos a buscar una estabilidad, en primera instancia una personal, el acudir contigo me brind\u00f3 aprendizajes, autoconocimiento, mejores relaciones interpersonales y laborales pero sobre todo y lo m\u00e1s importante el comenzar a tener una relaci\u00f3n conmigo misma, amarme, cuidarme, confiar en m\u00ed \u00a0y aceptarme, aunque era m\u00e1s f\u00e1cil para m\u00ed hacerlo hacia otras personas, algo que puedo agradecer de este proceso terap\u00e9utico es el aprender a desarrollar mejores herramientas para afrontar situaciones que generen inestabilidad, agradecer por la ansiedad, la tristeza o el insomnio, porque s\u00e9 que en la pr\u00f3xima ocasi\u00f3n me sentir\u00e9 mejor que antes, desaprender conductas que me sabotean o que favorecen el desarrollo de posibles relaciones t\u00f3xicas y reaprender, el proceso m\u00e1s dif\u00edcil, porque es despojarte de aquello con lo que estabas acostumbrado a trabajar en momentos de \u201ccrisis\u201d pero que no brindaba resultados tan funcionales, a trav\u00e9s de la adquisici\u00f3n de nuevas herramientas que beneficien a una mejor adaptaci\u00f3n de respuestas, al ser humanos, tenemos la valiosa capacidad de reinventarnos y esta reinvenci\u00f3n es gracias a ti, a tu gu\u00eda.<\/p>\n<p>Ahora 5 meses despu\u00e9s agradezco por cada momento que viv\u00ed, porque la angustia me permiti\u00f3 transitar por un camino diferente en donde aprend\u00ed \u00a0a tomar la responsabilidad de mi vida, ahora sin miedo, fij\u00e1ndome metas, evolucionando y mejorando mi bienestar en todos los sentidos.<\/p>\n<p>Gracias<\/p>\n","protected":false},"excerpt":{"rendered":"<p>En ocasiones creo que nos ayuda ver que otros han sentido lo que nosotros vivimos. Eso permite sentirnos menos solos, pero creo que percibir que alguien m\u00e1s ya trascendi\u00f3 ese momento amargo ayuda a generar esperanza en nuestro propio proceso.<\/p>\n","protected":false},"author":1,"featured_media":0,"comment_status":"open","ping_status":"open","sticky":false,"template":"","format":"standard","meta":[],"categories":[244],"tags":[256,492],"_links":{"self":[{"href":"https:\/\/psicologosyterapiadf.com.mx\/blog\/wp-json\/wp\/v2\/posts\/4672"}],"collection":[{"href":"https:\/\/psicologosyterapiadf.com.mx\/blog\/wp-json\/wp\/v2\/posts"}],"about":[{"href":"https:\/\/psicologosyterapiadf.com.mx\/blog\/wp-json\/wp\/v2\/types\/post"}],"author":[{"embeddable":true,"href":"https:\/\/psicologosyterapiadf.com.mx\/blog\/wp-json\/wp\/v2\/users\/1"}],"replies":[{"embeddable":true,"href":"https:\/\/psicologosyterapiadf.com.mx\/blog\/wp-json\/wp\/v2\/comments?post=4672"}],"version-history":[{"count":5,"href":"https:\/\/psicologosyterapiadf.com.mx\/blog\/wp-json\/wp\/v2\/posts\/4672\/revisions"}],"predecessor-version":[{"id":4678,"href":"https:\/\/psicologosyterapiadf.com.mx\/blog\/wp-json\/wp\/v2\/posts\/4672\/revisions\/4678"}],"wp:attachment":[{"href":"https:\/\/psicologosyterapiadf.com.mx\/blog\/wp-json\/wp\/v2\/media?parent=4672"}],"wp:term":[{"taxonomy":"category","embeddable":true,"href":"https:\/\/psicologosyterapiadf.com.mx\/blog\/wp-json\/wp\/v2\/categories?post=4672"},{"taxonomy":"post_tag","embeddable":true,"href":"https:\/\/psicologosyterapiadf.com.mx\/blog\/wp-json\/wp\/v2\/tags?post=4672"}],"curies":[{"name":"wp","href":"https:\/\/api.w.org\/{rel}","templated":true}]}}