{"id":4651,"date":"2018-07-06T14:27:11","date_gmt":"2018-07-06T20:27:11","guid":{"rendered":"http:\/\/psicologosyterapiadf.com.mx\/blog\/?p=4651"},"modified":"2018-07-10T07:19:35","modified_gmt":"2018-07-10T13:19:35","slug":"que-te-diria","status":"publish","type":"post","link":"https:\/\/psicologosyterapiadf.com.mx\/blog\/2018\/07\/06\/que-te-diria\/","title":{"rendered":"\u00bfQu\u00e9 te dir\u00eda..?"},"content":{"rendered":"<p style=\"text-align: left;\">&#8220;Introyecci\u00f3n&#8221;:<\/p>\n<p>&nbsp;<\/p>\n<p>Es una palabra que se refiere a la asimilaci\u00f3n de algo, a hacer propio algo externo.<\/p>\n<p>Algo que me pareci\u00f3 (y me lo sigue pareciendo) muy interesante es que nos comemos a las personas.<\/p>\n<p><img decoding=\"async\" loading=\"lazy\" class=\"aligncenter size-medium wp-image-4661\" src=\"http:\/\/psicologosyterapiadf.com.mx\/blog\/wp-content\/uploads\/2018\/07\/Que-te-diria-psicologos-narvrate-del-valle-cdmx-212x300.jpeg\" alt=\"Que-te-diria-psicologos-narvarte-del-valle-cdmx\" width=\"212\" height=\"300\" srcset=\"https:\/\/psicologosyterapiadf.com.mx\/blog\/wp-content\/uploads\/2018\/07\/Que-te-diria-psicologos-narvrate-del-valle-cdmx-212x300.jpeg 212w, https:\/\/psicologosyterapiadf.com.mx\/blog\/wp-content\/uploads\/2018\/07\/Que-te-diria-psicologos-narvrate-del-valle-cdmx.jpeg 466w\" sizes=\"(max-width: 212px) 100vw, 212px\" \/><!--more--><\/p>\n<p>Despu\u00e9s de un tiempo compartido con una persona significativa, jalamos hacia nuestro interior caracter\u00edsticas, frases, reacciones de esa persona.<\/p>\n<p>En la escuela, me pidieron llevar mi &#8220;an\u00e1lisis did\u00e1ctico&#8221;, mi terapia para comprender c\u00f3mo se sent\u00eda ser paciente y para ver c\u00f3mo funcionaban los recursos que me ense\u00f1aban en un sal\u00f3n de clases. En esas condiciones un fen\u00f3meno que apareci\u00f3 fue que me cachaba dici\u00e9ndome:<\/p>\n<blockquote><p>&#8220;\u00bfQu\u00e9 me dir\u00eda Roberto en esta situaci\u00f3n?&#8221;<\/p><\/blockquote>\n<p>Cabe aclarar: Roberto era mi psic\u00f3logo en ese entonces.<\/p>\n<p>&nbsp;<\/p>\n<p>Y esa frase tiene diferentes nombres de acuerdo a personas significativas que han pasado en mi vida. Hay relaciones que ya concluyeron o personas que no he visto en mucho tiempo que de alguna forma me definieron; en recuerdos o en experiencias diversas surge esa frase en mi cabeza: &#8220;\u00bfQu\u00e9 har\u00eda o qu\u00e9 te dir\u00eda..?&#8221;<\/p>\n<p>&nbsp;<\/p>\n<p>Vale la pena tener en cuenta que somos o nos volvemos aquellas personas con quien creamos lazos o convivimos durante mucho tiempo. Introyectamos costumbres, palabras y paradigmas de quienes son significativos para nosotros.<\/p>\n<p>&nbsp;<\/p>\n<p>Hay cosas que introyectamos que nos benefician, pero hay otras que nos limitan o sabotean.<\/p>\n<p>Para concluir quiero agregar: pensar &#8220;\u00bfqu\u00e9 me dir\u00eda o har\u00eda..?&#8221;\u00a0 Es una modalidad algo evolucionada de muchas cosas que decimos o hacemos sin darnos cuenta de que esas reacciones no son propias, sino una repetici\u00f3n inconsciente de lo que har\u00edan nuestros pap\u00e1s, pareja, amigos (o incluso, enemigos).<\/p>\n<p>\u00bfA qui\u00e9n te comiste? \u00bfCu\u00e1ntas veces te preguntaste: &#8220;\u00bfQu\u00e9 me dir\u00eda..?&#8221;?<\/p>\n","protected":false},"excerpt":{"rendered":"<p>Todo lo que decimos o hacemos viene definido por nuestras experiencias y relaciones. Vale la pena haver un poco de consciencia de esto con la pregunta: &#8220;\u00bfQu\u00e9 te dir\u00eda..?&#8221;<\/p>\n","protected":false},"author":1,"featured_media":0,"comment_status":"open","ping_status":"open","sticky":false,"template":"","format":"standard","meta":[],"categories":[9,7],"tags":[291,491,490],"_links":{"self":[{"href":"https:\/\/psicologosyterapiadf.com.mx\/blog\/wp-json\/wp\/v2\/posts\/4651"}],"collection":[{"href":"https:\/\/psicologosyterapiadf.com.mx\/blog\/wp-json\/wp\/v2\/posts"}],"about":[{"href":"https:\/\/psicologosyterapiadf.com.mx\/blog\/wp-json\/wp\/v2\/types\/post"}],"author":[{"embeddable":true,"href":"https:\/\/psicologosyterapiadf.com.mx\/blog\/wp-json\/wp\/v2\/users\/1"}],"replies":[{"embeddable":true,"href":"https:\/\/psicologosyterapiadf.com.mx\/blog\/wp-json\/wp\/v2\/comments?post=4651"}],"version-history":[{"count":9,"href":"https:\/\/psicologosyterapiadf.com.mx\/blog\/wp-json\/wp\/v2\/posts\/4651\/revisions"}],"predecessor-version":[{"id":4665,"href":"https:\/\/psicologosyterapiadf.com.mx\/blog\/wp-json\/wp\/v2\/posts\/4651\/revisions\/4665"}],"wp:attachment":[{"href":"https:\/\/psicologosyterapiadf.com.mx\/blog\/wp-json\/wp\/v2\/media?parent=4651"}],"wp:term":[{"taxonomy":"category","embeddable":true,"href":"https:\/\/psicologosyterapiadf.com.mx\/blog\/wp-json\/wp\/v2\/categories?post=4651"},{"taxonomy":"post_tag","embeddable":true,"href":"https:\/\/psicologosyterapiadf.com.mx\/blog\/wp-json\/wp\/v2\/tags?post=4651"}],"curies":[{"name":"wp","href":"https:\/\/api.w.org\/{rel}","templated":true}]}}