{"id":4622,"date":"2018-07-01T04:54:04","date_gmt":"2018-07-01T10:54:04","guid":{"rendered":"http:\/\/psicologosyterapiadf.com.mx\/blog\/?p=4622"},"modified":"2018-07-01T05:36:11","modified_gmt":"2018-07-01T11:36:11","slug":"feliz-medio-ano-nuevo","status":"publish","type":"post","link":"https:\/\/psicologosyterapiadf.com.mx\/blog\/2018\/07\/01\/feliz-medio-ano-nuevo\/","title":{"rendered":"\u00a1Feliz (medio) a\u00f1o nuevo!"},"content":{"rendered":"<p>Los inicios y conclusiones de ciclos son estimulantes oportunidades para modificar inercias que nos frustran.<\/p>\n<p><img decoding=\"async\" loading=\"lazy\" class=\"aligncenter size-medium wp-image-4624\" src=\"http:\/\/psicologosyterapiadf.com.mx\/blog\/wp-content\/uploads\/2018\/07\/Feliz-ano-nuevo-psiclogos-mexico-df-cdmx-narvarte-300x240.jpeg\" alt=\"Feliz-ano-nuevo-psicologos-mexico-df-cdmx-narvarte\" width=\"300\" height=\"240\" srcset=\"https:\/\/psicologosyterapiadf.com.mx\/blog\/wp-content\/uploads\/2018\/07\/Feliz-ano-nuevo-psiclogos-mexico-df-cdmx-narvarte-300x240.jpeg 300w, https:\/\/psicologosyterapiadf.com.mx\/blog\/wp-content\/uploads\/2018\/07\/Feliz-ano-nuevo-psiclogos-mexico-df-cdmx-narvarte.jpeg 620w\" sizes=\"(max-width: 300px) 100vw, 300px\" \/><!--more--><\/p>\n<p>En el post:\u00a0<a href=\"http:\/\/psicologosyterapiadf.com.mx\/blog\/2018\/04\/02\/mis-propositos-de-mes-nuevo\/\">&#8220;Mis prop\u00f3sitos de mes nuevo&#8221;<\/a>\u00a0coment\u00e9 como me funciona hacer un balance mensual de mis logros y mis errores para poder establecer objetivos mensuales, en lugar de anuales. Se me antoja mucho m\u00e1s manejable hacerlo por 30 d\u00edas que por 365, para darme cuenta de si me acerco o me desv\u00edo de lo que digo que quiero.<\/p>\n<p>Si considero los dos p\u00e1rrafos anteriores y veo que hoy es 1ero de julio de 2018, creo que no es un d\u00eda cualquiera (independientemente de las elecciones o el mundial), para m\u00ed es un d\u00eda muy importante porque justo hoy&#8230;<\/p>\n<p><strong>\u00a1ESTAMOS A MITAD DE A\u00d1O!<\/strong><\/p>\n<p>Es un d\u00eda muy bueno para repensar lo que quer\u00edamos el 31 de diciembre y el 1ero de enero, y fijarnos si esos prop\u00f3sitos y proyectos abstractos y bien intencionados est\u00e1n tomando forma.<\/p>\n<p>Habr\u00e1 cosas que para est\u00e1s fechas no imaginabas vivir, habr\u00e1 otras que a lo mejor quer\u00edas cambiar y siguen igual&#8230;<\/p>\n<p>T\u00fa sabes.<\/p>\n<p>Est\u00e1s en un excelente momento para decir que no a muchas cosas que no te ayudan y\u00a0 para hacer cambios sutiles y constantes que te permitan llegar a lo que dec\u00edas que quer\u00edas a principios de a\u00f1o.<\/p>\n<p>No hace falta a llegar al 31 de diciembre para llenarnos de buena vibra para hacer cambios.<\/p>\n<p>\u00a1Te deseo una feliz segunda parte de este 2018 y que todos tus prop\u00f3sitos de a\u00f1o nuevo se est\u00e9n haciendo y se hagan realidad!<\/p>\n","protected":false},"excerpt":{"rendered":"<p>Desperdiciamos oportunidades par iniciar ciclos. No es necesario llegar al 31 de diciembre para iniciar con mucho \u00e1nimo nuestros proyectos. Podemos aprovechar este d\u00eda, nuestra mitad exacta de a\u00f1o, para hacer ajustes en lo que quer\u00edamos hace 6 meses.<\/p>\n","protected":false},"author":1,"featured_media":0,"comment_status":"open","ping_status":"open","sticky":false,"template":"","format":"standard","meta":[],"categories":[3,54],"tags":[409,401],"_links":{"self":[{"href":"https:\/\/psicologosyterapiadf.com.mx\/blog\/wp-json\/wp\/v2\/posts\/4622"}],"collection":[{"href":"https:\/\/psicologosyterapiadf.com.mx\/blog\/wp-json\/wp\/v2\/posts"}],"about":[{"href":"https:\/\/psicologosyterapiadf.com.mx\/blog\/wp-json\/wp\/v2\/types\/post"}],"author":[{"embeddable":true,"href":"https:\/\/psicologosyterapiadf.com.mx\/blog\/wp-json\/wp\/v2\/users\/1"}],"replies":[{"embeddable":true,"href":"https:\/\/psicologosyterapiadf.com.mx\/blog\/wp-json\/wp\/v2\/comments?post=4622"}],"version-history":[{"count":5,"href":"https:\/\/psicologosyterapiadf.com.mx\/blog\/wp-json\/wp\/v2\/posts\/4622\/revisions"}],"predecessor-version":[{"id":4628,"href":"https:\/\/psicologosyterapiadf.com.mx\/blog\/wp-json\/wp\/v2\/posts\/4622\/revisions\/4628"}],"wp:attachment":[{"href":"https:\/\/psicologosyterapiadf.com.mx\/blog\/wp-json\/wp\/v2\/media?parent=4622"}],"wp:term":[{"taxonomy":"category","embeddable":true,"href":"https:\/\/psicologosyterapiadf.com.mx\/blog\/wp-json\/wp\/v2\/categories?post=4622"},{"taxonomy":"post_tag","embeddable":true,"href":"https:\/\/psicologosyterapiadf.com.mx\/blog\/wp-json\/wp\/v2\/tags?post=4622"}],"curies":[{"name":"wp","href":"https:\/\/api.w.org\/{rel}","templated":true}]}}