{"id":3588,"date":"2018-01-14T19:32:32","date_gmt":"2018-01-15T01:32:32","guid":{"rendered":"http:\/\/psicologosyterapiadf.com.mx\/blog\/?p=3588"},"modified":"2018-01-14T21:27:44","modified_gmt":"2018-01-15T03:27:44","slug":"no-busques-sentirte-bien","status":"publish","type":"post","link":"https:\/\/psicologosyterapiadf.com.mx\/blog\/2018\/01\/14\/no-busques-sentirte-bien\/","title":{"rendered":"No busques sentirte bien"},"content":{"rendered":"<p style=\"text-align: left;\">Si sientes angustia, tristeza, dolor, enojo, \u00bfno resulta frustrante escuchar: &#8220;\u00e9chale ganas&#8221;?<\/p>\n<p>A m\u00ed me sucede que si me siento mal, y escucho algun consejo\u00a0 de ese tipo con buena voluntad pero con poca empat\u00eda, me siento peor.<\/p>\n<p style=\"text-align: left;\">Hace unos meses me di cuenta de algo que funciona m\u00e1s.\u00a0 Si me siento mal, en lugar de sentirme bien,<\/p>\n<h1 style=\"text-align: left;\">BUSCO SENTIRME UN <em><strong>POQUITO<\/strong><\/em> MENOS MAL.<\/h1>\n<p>&nbsp;<\/p>\n<figure id=\"attachment_3593\" aria-describedby=\"caption-attachment-3593\" style=\"width: 300px\" class=\"wp-caption aligncenter\"><img decoding=\"async\" loading=\"lazy\" class=\"wp-image-3593 size-medium\" src=\"http:\/\/psicologosyterapiadf.com.mx\/blog\/wp-content\/uploads\/2018\/01\/peque\u00f1os-cambios-psicologos-terapia-de-pareja-en-linea-ciudad-de-mexico-df-cdmx-colonia-del-valle-narvarte-benito-juarez-300x298.jpg\" alt=\"peque\u00f1os-cambios-psicologos-terapia-de-pareja-en-linea-ciudad-de-mexico-df-cdmx-colonia-del-valle-narvarte-benito-juarez\" width=\"300\" height=\"298\" srcset=\"https:\/\/psicologosyterapiadf.com.mx\/blog\/wp-content\/uploads\/2018\/01\/peque\u00f1os-cambios-psicologos-terapia-de-pareja-en-linea-ciudad-de-mexico-df-cdmx-colonia-del-valle-narvarte-benito-juarez-300x298.jpg 300w, https:\/\/psicologosyterapiadf.com.mx\/blog\/wp-content\/uploads\/2018\/01\/peque\u00f1os-cambios-psicologos-terapia-de-pareja-en-linea-ciudad-de-mexico-df-cdmx-colonia-del-valle-narvarte-benito-juarez-150x150.jpg 150w, https:\/\/psicologosyterapiadf.com.mx\/blog\/wp-content\/uploads\/2018\/01\/peque\u00f1os-cambios-psicologos-terapia-de-pareja-en-linea-ciudad-de-mexico-df-cdmx-colonia-del-valle-narvarte-benito-juarez.jpg 480w\" sizes=\"(max-width: 300px) 100vw, 300px\" \/><figcaption id=\"caption-attachment-3593\" class=\"wp-caption-text\">algo peque\u00f1o que se mantiene se vuelve exponencial, las emociones no se excluyen de esta f\u00f3rmula.<\/figcaption><\/figure>\n<p><!--more--><\/p>\n<p>De entrada eso me quita la carga de forzar algo que no siento.<\/p>\n<p>&nbsp;<\/p>\n<p>Pero si no soy tan ambicioso con las emociones, empiezo a notar cambios sutiles y favorables. Eso empieza una inercia que me lleva a sentirme cada vez mejor y sin esfuerzo, siempre y cuando sea consciente de no perder ese objetivo:<\/p>\n<h1><strong>SENTIRME UN POQUITO MENOS MAL<\/strong>.<\/h1>\n<p>&nbsp;<\/p>\n<p>No grandes cambios. Peque\u00f1as y\u00a0 constantes (ademas de CONSCIENTES) modificaciones.<\/p>\n<p>&nbsp;<\/p>\n<p>Por ejemplo, el otro d\u00eda me sent\u00eda con impotencia y falta de confianza, claustrofobia, desorientado&#8230; en una palabra: angustiad\u00edsimo.<\/p>\n<p>&nbsp;<\/p>\n<p>En lugar de pretender sentirme tranquilo o feliz, intent\u00e9 sentirme enojado. Eso no era tan dif\u00edcil. Pens\u00e9 en alguien con quien ten\u00eda un tema pendiente y empec\u00e9 a sentirme muy molesto.<\/p>\n<p>Pasado un rato, me percat\u00e9 de que cada vez me sent\u00eda m\u00e1s enojado, me empec\u00e9 a decir que nada ganaba enoj\u00e1ndome, que la otra persona ni se enteraba y yo haciendo pedazos mi est\u00f3mago&#8230; Lo cual s\u00f3lo me hizo sentir m\u00e1s enojo.<\/p>\n<p>Record\u00e9 lo que tanto insisto con mis pacientes, en decirles que no luchen con las emociones. Dej\u00e9 de analizar mi enojo, empec\u00e9 a sentirlo en lugar de modularlo y de pronto me lleg\u00f3 un pensamiento que me dio alivio, de ah\u00ed me agarre:<\/p>\n<p>&#8220;Antes te sent\u00edas s\u00faper angustiado, ahora andas encabronado, \u00bfqu\u00e9 prefieres: el enojo, o la ansiedad?&#8221;<\/p>\n<p>Me respond\u00ed que por mucho, el enojo. Al notar ese cambio, empec\u00e9 a sentirme mejor que con el enojo&#8230;<\/p>\n<p>&nbsp;<\/p>\n<p>Creo que tener pressente el &#8220;un poquito menos mal&#8221;, y ser atentos a\u00a0 lo que pasa por nuestra cabeza o lo que se atraviesa por nuestros sentidos y generar consciencia de las sutilezas que nos alejan de alg\u00fan malestar para mantenerlas o cultivarlas genera un ascenso a emociones cada vez m\u00e1s agradables.<\/p>\n<p>&nbsp;<\/p>\n<p>La cuesti\u00f3n es estar atentos a los peque\u00f1os cambios favorables, no a descalificarlos.<\/p>\n<p>&nbsp;<\/p>\n<p>&nbsp;<\/p>\n","protected":false},"excerpt":{"rendered":"<p>Un error frecuente al vivir nuestras emociones supone forzar una experiencia muy alejada de algo que sentimos de forma espont\u00e1nea.<\/p>\n","protected":false},"author":1,"featured_media":0,"comment_status":"open","ping_status":"open","sticky":false,"template":"","format":"standard","meta":[],"categories":[3,188,213,216,248,54],"tags":[382,447],"_links":{"self":[{"href":"https:\/\/psicologosyterapiadf.com.mx\/blog\/wp-json\/wp\/v2\/posts\/3588"}],"collection":[{"href":"https:\/\/psicologosyterapiadf.com.mx\/blog\/wp-json\/wp\/v2\/posts"}],"about":[{"href":"https:\/\/psicologosyterapiadf.com.mx\/blog\/wp-json\/wp\/v2\/types\/post"}],"author":[{"embeddable":true,"href":"https:\/\/psicologosyterapiadf.com.mx\/blog\/wp-json\/wp\/v2\/users\/1"}],"replies":[{"embeddable":true,"href":"https:\/\/psicologosyterapiadf.com.mx\/blog\/wp-json\/wp\/v2\/comments?post=3588"}],"version-history":[{"count":0,"href":"https:\/\/psicologosyterapiadf.com.mx\/blog\/wp-json\/wp\/v2\/posts\/3588\/revisions"}],"wp:attachment":[{"href":"https:\/\/psicologosyterapiadf.com.mx\/blog\/wp-json\/wp\/v2\/media?parent=3588"}],"wp:term":[{"taxonomy":"category","embeddable":true,"href":"https:\/\/psicologosyterapiadf.com.mx\/blog\/wp-json\/wp\/v2\/categories?post=3588"},{"taxonomy":"post_tag","embeddable":true,"href":"https:\/\/psicologosyterapiadf.com.mx\/blog\/wp-json\/wp\/v2\/tags?post=3588"}],"curies":[{"name":"wp","href":"https:\/\/api.w.org\/{rel}","templated":true}]}}