{"id":354,"date":"2015-11-10T09:30:17","date_gmt":"2015-11-10T15:30:17","guid":{"rendered":"http:\/\/psicologosyterapiadf.com.mx\/blog\/?p=354"},"modified":"2015-12-20T19:52:59","modified_gmt":"2015-12-21T01:52:59","slug":"que-te-dirias","status":"publish","type":"post","link":"https:\/\/psicologosyterapiadf.com.mx\/blog\/2015\/11\/10\/que-te-dirias\/","title":{"rendered":"\u00bfQu\u00e9 te dir\u00edas?"},"content":{"rendered":"<p><strong>\u00bfQu\u00e9 te dir\u00edas?<\/strong><\/p>\n<p><strong>\u00a0<\/strong><\/p>\n<p>Hoy en la ma\u00f1ana me lleg\u00f3 un correo que dec\u00eda algo como:<\/p>\n<p>&nbsp;<\/p>\n<p><em>Imagina que la vida es un baile, t\u00fa bailas con ella, t\u00fa escoges el baile, el sal\u00f3n, pero el paso lo pone ella, y aunque hay momentos que separados parecen imperfectos, cuando ves el baile en su conjunto, todo cobra sentido. As\u00ed pasa con los momentos de incertidumbre y de dolor, son un paso en una secuencia mucho m\u00e1s amplia, llena de color y armon\u00eda.<\/em><\/p>\n<figure id=\"attachment_355\" aria-describedby=\"caption-attachment-355\" style=\"width: 284px\" class=\"wp-caption aligncenter\"><a href=\"http:\/\/psicologosyterapiadf.com.mx\/blog\/wp-content\/uploads\/2015\/11\/Hover_board.jpg\"><img decoding=\"async\" loading=\"lazy\" class=\"size-full wp-image-355\" src=\"http:\/\/psicologosyterapiadf.com.mx\/blog\/wp-content\/uploads\/2015\/11\/Hover_board.jpg\" alt=\"Psic\u00f3logos DF psic\u00f3logos Colonia del Valle psic\u00f3logos dependencia emocional terapia de pareja psic\u00f3logos M\u00e9xico Psic\u00f3logos Benito Ju\u00e1rez \" width=\"284\" height=\"177\" \/><\/a><figcaption id=\"caption-attachment-355\" class=\"wp-caption-text\">\u00bfQu\u00e9 te dir\u00eda tu yo del futuro a tu yo presente, si te encontrar\u00e1?<\/figcaption><\/figure>\n<p><!--more--><br \/>\nAlgo as\u00ed pensaba ayer cuando ve\u00eda que el a\u00f1o pasado ten\u00eda varias dudas que a\u00fan tengo, y s\u00ed me pon\u00eda a considerar a\u00f1os previos, segu\u00eda arrastrando esas preguntas\u2026 Por un lado me sent\u00ed frustrado, pero por otro, m\u00e1s consciente.<\/p>\n<p>&nbsp;<\/p>\n<p>Despu\u00e9s de evaluar parte del a\u00f1o pasado vi que en cuesti\u00f3n de d\u00edas u horas pasaban cosas que jam\u00e1s hab\u00eda experimentado o imaginado que superaban mis expectativas, me puse a pensar\u2026<\/p>\n<p>&nbsp;<\/p>\n<p>\u201c\u00bfQu\u00e9 pasar\u00eda si yo pudiera regresar a principios de mayo del a\u00f1o pasado y pudiera hablar con mi yo curioso y asustado de ese momento?\u201d<\/p>\n<p>Me respond\u00ed que seguro le dir\u00eda:<\/p>\n<p>&nbsp;<\/p>\n<p>Vas a tener miedo, vas a dudar de ti, vas a sentir vac\u00edo, habr\u00e1 noches que no puedas dormir y sientas una profunda desesperaci\u00f3n\u2026 Pero\u2026<\/p>\n<p>&nbsp;<\/p>\n<p>\u00a1Vas a experimentar cosas impresionantes! Te sentir\u00e1s el m\u00e1s afortunado, varias veces te dir\u00e1s t\u00fa mismo al acabar el d\u00eda que si esa noche te murieras quedas feliz con lo que hiciste y te puedes ir en paz, te vas a re\u00edr de tus equivocaciones y ver\u00e1s que no son tales, que son aprendizajes y an\u00e9cdotas que compartir, te vas a dar cuenta, como dec\u00eda Mark Twain, que la mayor\u00eda de las cosas que te preocupaban, no sucedieron, y que, en cambio, llegaron muchas sorpresas que t\u00fa trabajaste sin darte cuenta para superar tus fantas\u00edas\u2026 Agregar\u00eda que conocer\u00eda una versi\u00f3n de m\u00ed que tanto podr\u00eda parecerme pat\u00e9tica como grandiosa, pero nunca gris.<\/p>\n<p>&nbsp;<\/p>\n<p>Todo eso me dejo pensando con respecto a ir con el lastre de mis preguntas irresueltas, no son menos que antes, son diferentes y estoy seguro que si llegara un Arturo del futuro me dir\u00eda lo mismo que yo le dir\u00eda a mi yo del pasado:<\/p>\n<p>&nbsp;<\/p>\n<p>Lo que ahorita te preocupa no es eterno, a lo mejor no pasa, y si pasa, es probable que no sea tan catastr\u00f3fico como lo imaginas. Lo que hoy te preocupa en un mes o en un a\u00f1o no te va a preocupar.<\/p>\n<p>&nbsp;<\/p>\n<p>Para terminar escribo:<\/p>\n<p>&nbsp;<\/p>\n<p><strong>\u00bfQu\u00e9 te dir\u00edas a ti en el pasado?<\/strong><\/p>\n<p>&nbsp;<\/p>\n<p><strong><u>Y m\u00e1s importante: \u00bfqu\u00e9 te dir\u00edas en tu presente?<\/u><\/strong><\/p>\n<p>&nbsp;<\/p>\n<div>\n<p>&nbsp;<\/p>\n<\/div>\n","protected":false},"excerpt":{"rendered":"<p>\u00bfQu\u00e9 te dir\u00edas?<\/p>\n<p>Hoy en la ma\u00f1ana me lleg\u00f3 un correo que dec\u00eda algo como:<\/p>\n<p>Imagina que la vida es un baile, t\u00fa bailas con ella, t\u00fa escoges el baile, el sal\u00f3n, pero el paso lo pone ella, y aunque hay momentos que separados parecen imperfectos, cuando ves el baile en su conjunto, todo cobra sentido. As\u00ed pasa con los momentos de incertidumbre y de dolor, son un paso en una secuencia mucho m\u00e1s amplia, llena de color y armon\u00eda.<\/p>\n","protected":false},"author":1,"featured_media":0,"comment_status":"open","ping_status":"open","sticky":false,"template":"","format":"standard","meta":[],"categories":[9,3,4],"tags":[44,69,68,11,43,70,42],"_links":{"self":[{"href":"https:\/\/psicologosyterapiadf.com.mx\/blog\/wp-json\/wp\/v2\/posts\/354"}],"collection":[{"href":"https:\/\/psicologosyterapiadf.com.mx\/blog\/wp-json\/wp\/v2\/posts"}],"about":[{"href":"https:\/\/psicologosyterapiadf.com.mx\/blog\/wp-json\/wp\/v2\/types\/post"}],"author":[{"embeddable":true,"href":"https:\/\/psicologosyterapiadf.com.mx\/blog\/wp-json\/wp\/v2\/users\/1"}],"replies":[{"embeddable":true,"href":"https:\/\/psicologosyterapiadf.com.mx\/blog\/wp-json\/wp\/v2\/comments?post=354"}],"version-history":[{"count":0,"href":"https:\/\/psicologosyterapiadf.com.mx\/blog\/wp-json\/wp\/v2\/posts\/354\/revisions"}],"wp:attachment":[{"href":"https:\/\/psicologosyterapiadf.com.mx\/blog\/wp-json\/wp\/v2\/media?parent=354"}],"wp:term":[{"taxonomy":"category","embeddable":true,"href":"https:\/\/psicologosyterapiadf.com.mx\/blog\/wp-json\/wp\/v2\/categories?post=354"},{"taxonomy":"post_tag","embeddable":true,"href":"https:\/\/psicologosyterapiadf.com.mx\/blog\/wp-json\/wp\/v2\/tags?post=354"}],"curies":[{"name":"wp","href":"https:\/\/api.w.org\/{rel}","templated":true}]}}