{"id":3531,"date":"2018-01-09T11:52:21","date_gmt":"2018-01-09T17:52:21","guid":{"rendered":"http:\/\/psicologosyterapiadf.com.mx\/blog\/?p=3531"},"modified":"2018-01-22T18:58:48","modified_gmt":"2018-01-23T00:58:48","slug":"taller-saber-salir-saber-dejar-y-seguir-caminando-fuerte","status":"publish","type":"post","link":"https:\/\/psicologosyterapiadf.com.mx\/blog\/2018\/01\/09\/taller-saber-salir-saber-dejar-y-seguir-caminando-fuerte\/","title":{"rendered":"Taller: Saber Salir, saber dejar y seguir caminando fuerte"},"content":{"rendered":"<p><img decoding=\"async\" loading=\"lazy\" class=\"aligncenter wp-image-3670 size-thumbnail\" src=\"http:\/\/psicologosyterapiadf.com.mx\/blog\/wp-content\/uploads\/2018\/01\/depresi\u00f3n-psicologos-terapia-de-pareja-df-cdmx-1-150x150.jpg\" alt=\"depresi\u00f3n-psicologos-terapia-de pareja-df-cdmx-1\" width=\"150\" height=\"150\" \/><\/p>\n<p>\u00bfTe quedas con emociones atoradas sin saber c\u00f3mo expresarlas para sentirte mejor?<\/p>\n<p>\u00bfTe gana el impulso y no dimensionas las consecuencias de tus palabras o acciones y terminas por sentirte peor que antes?<\/p>\n<p>\u00bfTe desarrollas y terminas por sabotearte siempre en alg\u00fan punto para volver a empezar?<\/p>\n<p>\u00bfTe dicen que te relajes, que le eches ganas, o que pienses en otra cosa y s\u00f3lo sientes m\u00e1s impotencia?<\/p>\n<p>\u00bfTienes miedo de sentir tristeza, enojo o angustia porque si empieza la emoci\u00f3n no podr\u00e1s frenarla?<\/p>\n<p>\u00bfMe siento: sola, infeliz, enojada, frustrada, estresada, amargada, con miedo,deprimida, humillada, rechazada, indignada, angustiada, avergonzada, desmotivada, desesperada, celosa, insegura, sin ganas de hacer nada?<\/p>\n<p>&nbsp;<\/p>\n<p>Si respondiste que s\u00ed a alguna de estas preguntas, este taller es para ti.<\/p>\n<p><!--more--><\/p>\n<p>\u00bfQu\u00e9 encontrar\u00e1s?<\/p>\n<p><img decoding=\"async\" loading=\"lazy\" class=\"aligncenter wp-image-3671 size-thumbnail\" src=\"http:\/\/psicologosyterapiadf.com.mx\/blog\/wp-content\/uploads\/2018\/01\/Mujer-camino-al-\u00e9xito-psicologos-terapia-df-cdmx--150x150.jpg\" alt=\"Mujer-camino-al-\u00e9xito-psicologos-terapia-df-cdmx-\" width=\"150\" height=\"150\" \/><\/p>\n<ol>\n<li><strong>Autoconocimiento a trav\u00e9s del teatro:<\/strong><\/li>\n<\/ol>\n<p>Liberar\u00e1s tus emociones aprendiendo a actuar.<\/p>\n<ol start=\"2\">\n<li><strong>Baile improvisado:<\/strong><\/li>\n<\/ol>\n<p>Te ense\u00f1aremos a bailar al ritmo de tus emociones para expresar todo a trav\u00e9s de tus sentidos.<\/p>\n<ol start=\"3\">\n<li><strong>Pl\u00e1tica de conciencia para el manejo de emociones:<\/strong><\/li>\n<\/ol>\n<p>Aprender\u00e1s que intentar controlar las emociones es la peor ruta para el alivio y la felicidad, pero descubrir\u00e1s c\u00f3mo reconciliarte con lo que te duele, te genera culpa o verg\u00fcenza.<\/p>\n<p>Temario:<\/p>\n<p>Pl\u00e1tica Marisol:<\/p>\n<p>1. \u00bfControlar emociones?<\/p>\n<p>No se puede controlar el mar, ni la gravedad, respeta sus reglas y conf\u00eda.<br \/>\nNo luches, no te ahogues, aprende a flotar.<\/p>\n<p>El prop\u00f3sito de este inciso supone definir el control exagerado como la estrategia por excelencia para alimentar emociones desagradables.<br \/>\nAl final de la pl\u00e1tica estableceremos el contraste de esa reacci\u00f3n como alternativa para resolver el malestar.<\/p>\n<p>2. Encuentra tu veh\u00edculo emocional.<\/p>\n<p>A partir de la teor\u00eda de las inteligencias m\u00faltiples y de las din\u00e1micas desarrolladas en ese d\u00eda ayudar a los participantes a definir cu\u00e1l ser\u00eda una v\u00eda \u00f3ptima para expresar lo que sienten.<br \/>\nMarcos mentales-Howard Gardner<br \/>\nPreguntas puntuales <\/p>\n<p>\u00bfEn qu\u00e9 eres buen@?<br \/>\n\u00bfQu\u00e9 te hace sentir bien?<br \/>\n\u00bfCu\u00e1les son tus gustos &quot;orgullosos&quot;?<br \/>\n\u00bfCu\u00e1l es tu mayor dolor?<\/p>\n<p>3. \u00bfC\u00f3mo me desprendo de algo?<\/p>\n<p>Aqu\u00ed definiremos la reconciliaci\u00f3n con las emociones o experiencias como un camino para integrar los aprendizajes y eliminar la compulsi\u00f3n a repetir patrones inconscientes dolorosos que parecen inevitables.<\/p>\n<p>Ve m\u00e1s all\u00e1 de la l\u00f3gica. <br \/>\nDefine ganancias secundarias. <br \/>\nEstablece alternativas.<\/p>\n<p>4. La vocecita:<\/p>\n<p>Esta secci\u00f3n&nbsp; se enfocar\u00e1 en ayudar a los participantes a comprender y resolver los sentimientos de verg\u00fcenza y culpa que se manifiestan en baja autoestima o b\u00fasqueda cr\u00f3nica de logros, \u00e9xito y aprobaci\u00f3n superficial como alivio superficial del maltrato interno.<br \/>\nAclarar por qu\u00e9 tendemos a maltratarnos y juzgarnos con tanta severidad, sin importar las decisiones que ejecutemos.<\/p>\n<p>Conciencia de lo que te dices.<br \/>\nNo te creas.<br \/>\nEntr\u00e9nate en: perd\u00f3n y gratitud.<\/p>\n<p>5. \u00bfC\u00f3mo interpretas tu realidad?<\/p>\n<p>A manera de conclusi\u00f3n, este apartado pretende orientar a los participantes a desarrollar resiliencia y capacidad de adaptaci\u00f3n en circunstancias que, de entrada, parecen dolorosas.<\/p>\n<p>&quot;Las cosas que miras cambian, cuando cambias la forma de mirar las<br \/>\n&nbsp;cosas&quot;.<\/p>\n<p>Asumir-exagerar-agradecer: los 3 pasos del absurdo para alcanzar la armon\u00eda. <\/p>\n<p>Taller para todas las edades a partir de 16 a\u00f1os<\/p>\n<p>\u00bfCu\u00e1ndo?<\/p>\n<p>Domingo 28 enero<\/p>\n<p>10:30 a 12:30 hrs.<\/p>\n<p>\u00bfD\u00f3nde?<\/p>\n<p>Calle Pit\u00e1goras 504, Col. Narvarte Poniente,\u00a0 C.P. 03020, Ciudad de M\u00e9xico, DF, CDMX, Delegaci\u00f3n Benito Ju\u00e1rez.<\/p>\n<p><iframe loading=\"lazy\" style=\"border: 0;\" src=\"https:\/\/www.google.com\/maps\/embed?pb=!1m18!1m12!1m3!1d120400.58314370281!2d-99.22473572368878!3d19.433211368026488!2m3!1f0!2f0!3f0!3m2!1i1024!2i768!4f13.1!3m3!1m2!1s0x85d1ff0f76287ab5%3A0xcf82ca577d775e80!2sPsic%C3%B3logos+y+terapia+DF+CDMX+Narvarte!5e0!3m2!1ses!2smx!4v1516046551059\" width=\"400\" height=\"300\" frameborder=\"0\" allowfullscreen=\"allowfullscreen\"><\/iframe><\/p>\n<p>\u00bfQu\u00e9 necesitas?<\/p>\n<p>Ven con ropa c\u00f3moda y tenis, una libreta para tomar notas, \u00a1y muchas ganas de conocerte!<\/p>\n<p>&nbsp;<\/p>\n<table class=\" alignleft\">\n<tbody>\n<tr>\n<td style=\"text-align: center;\" width=\"249\">Impartido por:<\/td>\n<\/tr>\n<tr>\n<td style=\"text-align: center;\"><strong>MARISOL SAN MILL\u00c1N TREVI\u00d1O<\/strong><\/p>\n<p><img decoding=\"async\" loading=\"lazy\" class=\"aligncenter wp-image-3584\" src=\"http:\/\/psicologosyterapiadf.com.mx\/blog\/wp-content\/uploads\/2018\/01\/Marisol-San-millan-trevino-terapias-artisticas-150x150.jpg\" alt=\"Marisol-San-millan-trevino-terapias-artisticas-creativas-psicologos-df-cdmx-colonia-del-valle-narvarte-terapia-de-pareja-en-linea\" width=\"100\" height=\"100\" srcset=\"https:\/\/psicologosyterapiadf.com.mx\/blog\/wp-content\/uploads\/2018\/01\/Marisol-San-millan-trevino-terapias-artisticas-150x150.jpg 150w, https:\/\/psicologosyterapiadf.com.mx\/blog\/wp-content\/uploads\/2018\/01\/Marisol-San-millan-trevino-terapias-artisticas-300x300.jpg 300w, https:\/\/psicologosyterapiadf.com.mx\/blog\/wp-content\/uploads\/2018\/01\/Marisol-San-millan-trevino-terapias-artisticas.jpg 640w\" sizes=\"(max-width: 100px) 100vw, 100px\" \/><\/p>\n<p>Maestra en Terapias Art\u00edsticas y Creativas<\/td>\n<td>\n<p style=\"text-align: center;\"><strong>JOS\u00c9 ARTURO HERN\u00c1NDEZ VERA<\/strong> <img decoding=\"async\" loading=\"lazy\" class=\"aligncenter wp-image-3585 size-thumbnail\" src=\"http:\/\/psicologosyterapiadf.com.mx\/blog\/wp-content\/uploads\/2018\/01\/Arturo-hernandez-vera-psicologos-df-cdmx-terapia-150x150.jpg\" alt=\"Arturo-hernandez-vera-psicologos-df-cdmx-colonia-del-valle-narvarte-terapia-de-pareja-en-linea\" width=\"150\" height=\"150\" srcset=\"https:\/\/psicologosyterapiadf.com.mx\/blog\/wp-content\/uploads\/2018\/01\/Arturo-hernandez-vera-psicologos-df-cdmx-terapia-150x150.jpg 150w, https:\/\/psicologosyterapiadf.com.mx\/blog\/wp-content\/uploads\/2018\/01\/Arturo-hernandez-vera-psicologos-df-cdmx-terapia-300x300.jpg 300w, https:\/\/psicologosyterapiadf.com.mx\/blog\/wp-content\/uploads\/2018\/01\/Arturo-hernandez-vera-psicologos-df-cdmx-terapia.jpg 640w\" sizes=\"(max-width: 150px) 100vw, 150px\" \/><\/p>\n<p style=\"text-align: center;\">Especialista en Dependencia Emocional<\/p>\n<\/td>\n<\/tr>\n<\/tbody>\n<\/table>\n<p>contacto para inscripci\u00f3n<\/p>\n<p>Tel\u00e9fono: <a href=\"tel:\/\/\">5561098541<\/a><\/p>\n<p><strong><strong>INSCRIBETE\u00a0 <\/strong>antes del mi\u00e9rcoles 24 de enero,<\/strong><\/p>\n<p>Inversi\u00f3n: $200 pesos<\/p>\n<p>Datos para el pago:<\/p>\n<p>Cuenta en banco Santander<\/p>\n<p>N\u00famero de cuenta: 6059606213-1<\/p>\n<p>Clabe: 014180605960621319<\/p>\n<p>N\u00famero de tarjeta para dep\u00f3sitos en Oxxo.<\/p>\n<p>5579 0700 7744 7905<\/p>\n<p>A nombre de: Marisol San Mill\u00e1n Trevino<\/p>\n<p>\u00a1TE ESPERAMOS!<\/p>\n","protected":false},"excerpt":{"rendered":"<p>Baile, teatro, pl\u00e1tica de autoestima y autoconocimiento<\/p>\n","protected":false},"author":1,"featured_media":0,"comment_status":"open","ping_status":"open","sticky":false,"template":"","format":"standard","meta":[],"categories":[9,277],"tags":[450,448,446,449],"_links":{"self":[{"href":"https:\/\/psicologosyterapiadf.com.mx\/blog\/wp-json\/wp\/v2\/posts\/3531"}],"collection":[{"href":"https:\/\/psicologosyterapiadf.com.mx\/blog\/wp-json\/wp\/v2\/posts"}],"about":[{"href":"https:\/\/psicologosyterapiadf.com.mx\/blog\/wp-json\/wp\/v2\/types\/post"}],"author":[{"embeddable":true,"href":"https:\/\/psicologosyterapiadf.com.mx\/blog\/wp-json\/wp\/v2\/users\/1"}],"replies":[{"embeddable":true,"href":"https:\/\/psicologosyterapiadf.com.mx\/blog\/wp-json\/wp\/v2\/comments?post=3531"}],"version-history":[{"count":1,"href":"https:\/\/psicologosyterapiadf.com.mx\/blog\/wp-json\/wp\/v2\/posts\/3531\/revisions"}],"predecessor-version":[{"id":5473,"href":"https:\/\/psicologosyterapiadf.com.mx\/blog\/wp-json\/wp\/v2\/posts\/3531\/revisions\/5473"}],"wp:attachment":[{"href":"https:\/\/psicologosyterapiadf.com.mx\/blog\/wp-json\/wp\/v2\/media?parent=3531"}],"wp:term":[{"taxonomy":"category","embeddable":true,"href":"https:\/\/psicologosyterapiadf.com.mx\/blog\/wp-json\/wp\/v2\/categories?post=3531"},{"taxonomy":"post_tag","embeddable":true,"href":"https:\/\/psicologosyterapiadf.com.mx\/blog\/wp-json\/wp\/v2\/tags?post=3531"}],"curies":[{"name":"wp","href":"https:\/\/api.w.org\/{rel}","templated":true}]}}