{"id":349,"date":"2015-11-04T12:31:14","date_gmt":"2015-11-04T18:31:14","guid":{"rendered":"http:\/\/psicologosyterapiadf.com.mx\/blog\/?p=349"},"modified":"2015-12-20T19:53:44","modified_gmt":"2015-12-21T01:53:44","slug":"todos-tenemos-un-llamado","status":"publish","type":"post","link":"https:\/\/psicologosyterapiadf.com.mx\/blog\/2015\/11\/04\/todos-tenemos-un-llamado\/","title":{"rendered":"Todos tenemos un llamado"},"content":{"rendered":"<p>&nbsp;<\/p>\n<p style=\"text-align: center;\"><strong>Todos tenemos un llamado<\/strong><\/p>\n<p><strong>\u00a0<\/strong><\/p>\n<p>Creo que todos tenemos un talento (o varios), un genio interno, un impulso. Algo que nos emociona y que no nos cuesta trabajo, algo por lo que se nos olvida la aprobaci\u00f3n, el dinero, el tiempo y nos vuelve ni\u00f1os despreocupados sin importar nuestras circunstancias externas presentes\u2026<\/p>\n<p>A veces lo olvidamos, pero lo recordamos cuando vemos una pel\u00edcula que nos inspira o cuando le platicamos a alguien con pasi\u00f3n de un bonito recuerdo, o cuando leemos algo que nos atrapa, o cuando una canci\u00f3n no abandona nuestra cabeza.<\/p>\n<figure id=\"attachment_350\" aria-describedby=\"caption-attachment-350\" style=\"width: 300px\" class=\"wp-caption aligncenter\"><a href=\"http:\/\/psicologosyterapiadf.com.mx\/blog\/wp-content\/uploads\/2015\/11\/20151104_1227341.jpg\"><img decoding=\"async\" loading=\"lazy\" class=\"size-medium wp-image-350\" src=\"http:\/\/psicologosyterapiadf.com.mx\/blog\/wp-content\/uploads\/2015\/11\/20151104_1227341-300x169.jpg\" alt=\"Psic\u00f3logos DF psic\u00f3logos Colonia del Valle psic\u00f3logos dependencia emocional terapia de pareja psic\u00f3logos M\u00e9xico Psic\u00f3logos Benito Ju\u00e1rez \" width=\"300\" height=\"169\" srcset=\"https:\/\/psicologosyterapiadf.com.mx\/blog\/wp-content\/uploads\/2015\/11\/20151104_1227341-300x169.jpg 300w, https:\/\/psicologosyterapiadf.com.mx\/blog\/wp-content\/uploads\/2015\/11\/20151104_1227341-1024x576.jpg 1024w, https:\/\/psicologosyterapiadf.com.mx\/blog\/wp-content\/uploads\/2015\/11\/20151104_1227341.jpg 2048w\" sizes=\"(max-width: 300px) 100vw, 300px\" \/><\/a><figcaption id=\"caption-attachment-350\" class=\"wp-caption-text\">Desde los 10 a\u00f1os empec\u00e9 con un diario&#8230; no le di continuidad hasta nueve a\u00f1os despues.<\/figcaption><\/figure>\n<p><!--more-->Hace diez a\u00f1os me encontr\u00e9 con un libro que me fascin\u00f3, lo he le\u00eddo por lo menos cinco veces. Se llama <em>Mientras Escribo<\/em>, es de Stephen King, no soy fan\u00e1tico suyo, ni he le\u00eddo todos sus libros, pero \u00e9ste texto me enamor\u00f3.<\/p>\n<p>Porque a partir de ah\u00ed me di cuenta de que hay una cosa que me encanta\u2026 Escribir.<\/p>\n<p>Leer y escribir.<\/p>\n<p>Escribo para m\u00ed, principalmente, y puede leerse ego\u00edsta, pero la mayor\u00eda de las veces me acompa\u00f1a una libreta y una pluma chiquita, escribo todos los d\u00edas en el teclado adem\u00e1s\u2026 Desde 2001 llevo un diario\u2026 Y cada a\u00f1o me doy de regalo leer (en teor\u00eda) lo que hice ese a\u00f1o, la realidad es que me echo como tres o cuatro a\u00f1os, y siento padre\u2026<\/p>\n<p>Cuando leo eso\u2026 a veces me doy risa, a veces me doy miedo, a veces me repugno, a veces me amo, a veces me frustro, a veces me motivo\u2026 pero nunca me aburro, a\u00fan cuando no creo tener una vida con matices sobresalientes la mayor parte del tiempo, me gusta mucho leer lo que pienso, lo que siento, y conforme ha pasado el tiempo me he dado cuenta de que puedo ser sumamente irracional o l\u00facido, pero que hay una estructura clandestina que permea esas l\u00edneas de letra cr\u00edptica.<\/p>\n<p>Por eso escribo tambi\u00e9n este bolet\u00edn, porque me encanta leer, porque me encanta escribir, entre otras cosas, escribo, como se\u00f1alaba antes, en principio para m\u00ed, y luego para alguien que es especial para m\u00ed.<\/p>\n<p>Escribo ca\u00f3tico, escribo a veces cuando no tengo tantas ganas, escribo cuando estoy triste, escribo cuando tengo miedo de olvidar, escribo cuando tengo dudas de mi mismo, escribo cuando me paso algo incre\u00edble, escribo cuando algo cotidiano se vuelve parte de mi personalidad\u2026 Ese siento que es mi llamado\u2026<\/p>\n<p>Y acabo este escrito pregunt\u00e1ndote:<\/p>\n<p>\u00bfQu\u00e9 har\u00edas si supieras que no puedes fallar?<\/p>\n<p>\u00bfQu\u00e9 har\u00edas si tuvieras tus necesidades econ\u00f3micas resueltas?<\/p>\n<p>\u00bfQu\u00e9 har\u00edas si no te pudieran rechazar?<\/p>\n<p>\u00bfQu\u00e9 haces donde te olvidas de tus problemas?<\/p>\n<p>\u00bfQu\u00e9 haces para ti nada m\u00e1s, y en ocasiones lo compartes?<\/p>\n<p>\u00c9se, \u00e9se es tu llamado.<\/p>\n<p><strong>\u00a0<\/strong><\/p>\n<p>&nbsp;<\/p>\n","protected":false},"excerpt":{"rendered":"<p>Creo que todos tenemos un talento (o varios), un genio interno, un impulso. Algo que nos emociona y que no nos cuesta trabajo, algo por lo que se nos olvida la aprobaci\u00f3n, el dinero, el tiempo y nos vuelve ni\u00f1os despreocupados sin importar nuestras circunstancias externas presentes\u2026<\/p>\n","protected":false},"author":1,"featured_media":0,"comment_status":"open","ping_status":"open","sticky":false,"template":"","format":"standard","meta":[],"categories":[9,7],"tags":[40,39,41,69,68,11,70],"_links":{"self":[{"href":"https:\/\/psicologosyterapiadf.com.mx\/blog\/wp-json\/wp\/v2\/posts\/349"}],"collection":[{"href":"https:\/\/psicologosyterapiadf.com.mx\/blog\/wp-json\/wp\/v2\/posts"}],"about":[{"href":"https:\/\/psicologosyterapiadf.com.mx\/blog\/wp-json\/wp\/v2\/types\/post"}],"author":[{"embeddable":true,"href":"https:\/\/psicologosyterapiadf.com.mx\/blog\/wp-json\/wp\/v2\/users\/1"}],"replies":[{"embeddable":true,"href":"https:\/\/psicologosyterapiadf.com.mx\/blog\/wp-json\/wp\/v2\/comments?post=349"}],"version-history":[{"count":0,"href":"https:\/\/psicologosyterapiadf.com.mx\/blog\/wp-json\/wp\/v2\/posts\/349\/revisions"}],"wp:attachment":[{"href":"https:\/\/psicologosyterapiadf.com.mx\/blog\/wp-json\/wp\/v2\/media?parent=349"}],"wp:term":[{"taxonomy":"category","embeddable":true,"href":"https:\/\/psicologosyterapiadf.com.mx\/blog\/wp-json\/wp\/v2\/categories?post=349"},{"taxonomy":"post_tag","embeddable":true,"href":"https:\/\/psicologosyterapiadf.com.mx\/blog\/wp-json\/wp\/v2\/tags?post=349"}],"curies":[{"name":"wp","href":"https:\/\/api.w.org\/{rel}","templated":true}]}}