{"id":316,"date":"2015-09-28T13:35:20","date_gmt":"2015-09-28T19:35:20","guid":{"rendered":"http:\/\/psicologosyterapiadf.com.mx\/blog\/?p=316"},"modified":"2015-12-20T20:12:06","modified_gmt":"2015-12-21T02:12:06","slug":"el-dolor-es-un-maestro","status":"publish","type":"post","link":"https:\/\/psicologosyterapiadf.com.mx\/blog\/2015\/09\/28\/el-dolor-es-un-maestro\/","title":{"rendered":"El dolor es un maestro"},"content":{"rendered":"<p>Cuando tu maestro se llama dolor<\/p>\n<p>&nbsp;<\/p>\n<figure id=\"attachment_492\" aria-describedby=\"caption-attachment-492\" style=\"width: 300px\" class=\"wp-caption aligncenter\"><a href=\"http:\/\/psicologosyterapiadf.com.mx\/blog\/wp-content\/uploads\/2015\/09\/maestro_dolor.jpg\"><img decoding=\"async\" loading=\"lazy\" class=\"size-medium wp-image-492\" src=\"http:\/\/psicologosyterapiadf.com.mx\/blog\/wp-content\/uploads\/2015\/09\/maestro_dolor-300x300.jpg\" alt=\"Psic\u00f3logos DF psic\u00f3logos Colonia del Valle psic\u00f3logos dependencia emocional terapia de pareja psic\u00f3logos M\u00e9xico Psic\u00f3logos Benito Ju\u00e1rez\" width=\"300\" height=\"300\" srcset=\"https:\/\/psicologosyterapiadf.com.mx\/blog\/wp-content\/uploads\/2015\/09\/maestro_dolor-300x300.jpg 300w, https:\/\/psicologosyterapiadf.com.mx\/blog\/wp-content\/uploads\/2015\/09\/maestro_dolor-150x150.jpg 150w, https:\/\/psicologosyterapiadf.com.mx\/blog\/wp-content\/uploads\/2015\/09\/maestro_dolor-1024x1024.jpg 1024w, https:\/\/psicologosyterapiadf.com.mx\/blog\/wp-content\/uploads\/2015\/09\/maestro_dolor.jpg 2048w\" sizes=\"(max-width: 300px) 100vw, 300px\" \/><\/a><figcaption id=\"caption-attachment-492\" class=\"wp-caption-text\">El dolor nos pone m\u00e1s alerta que el equilibrio.<\/figcaption><\/figure>\n<p>Antes de compartir el siguiente texto quiero aclarar que cualquier abuso permitido y no aclarado y resuelto me parece una falta de cuidado hacia uno y hacia el abusador que es tolerado y mantenido en ese esquema\u2026<\/p>\n<p>La semana pasada Ilse, me cont\u00f3 lo siguiente:<\/p>\n<blockquote><p>Mariana. Se llama Mariana, me doli\u00f3 mucho lo que dijo\u2026<\/p>\n<p>Dijo en frente de otras compa\u00f1eras de trabajo que yo no era talla chica, que era talla mediana, varias se rieron y la jefa dijo: \u201c\u00bf\u00a1Perd\u00f3n!?\u201d Para que ella se callara.<\/p>\n<p>Mariana respondi\u00f3: \u201cNada.\u201d<\/p>\n<p>M\u00e1s tarde, me encontr\u00e9 con mi jefa en la oficina de la contadora y ella me vio rara, me pregunt\u00f3 si estaba bien, le contest\u00e9 que s\u00ed, pero ella insisti\u00f3, le dije que despu\u00e9s le dir\u00eda y ella cerr\u00f3 la puerta y me dijo que mejor lo platic\u00e1ramos de una vez.<\/p>\n<p>Le cont\u00e9 que me hab\u00eda molestado el comentario de Mariana, que no sab\u00eda porque si yo no me met\u00eda con ella, ella desde que entr\u00e9 a trabajar aqu\u00ed siempre me anda criticando. Yo vengo a trabajar, no me meto con nadie, creo que genero buenos resultados, y su comentario, no me gust\u00f3, por eso es que ando rara\u2026 Le dije.<\/p>\n<p>Ella me contest\u00f3 que hablar\u00eda con ella. M\u00e1s tarde Mariana me mand\u00f3 un mensaje de disculpa por WhatsApp. La sent\u00ed como forzada, le contest\u00e9 que no hab\u00eda problema, aunque hasta ahora me sigue pegando eso que dijo\u2026<\/p><\/blockquote>\n<p><!--more--><\/p>\n<p>&nbsp;<\/p>\n<p>Cuando termin\u00e9 de escuchar a Ilse me pregunt\u00f3 qu\u00e9 opinaba, le contest\u00e9 que no conoc\u00eda a Mariana, pero que sent\u00eda coraje cuando ella me compart\u00eda eso. Le dije a Ilse que varias veces me ha dicho que su trabajo es muy c\u00f3modo, le va bien econ\u00f3micamente, tiene un horario bastante flexible, muy buenas prestaciones\u2026 pero que tambi\u00e9n se siente estancada, y que ella consideraba ese trabajo como una transici\u00f3n hacia otro proyecto, que en ese trabajo ha ocurrido varias veces que corren a personas que les est\u00e1 yendo muy bien por una mala administraci\u00f3n del due\u00f1o o por alg\u00fan error y que nadie se encuentra totalmente seguro\u2026 que ella me hab\u00eda dicho que a personas que llevan trabajando ah\u00ed varios a\u00f1os las cambiaban, de repente a posiciones de un ingreso mucho menor o las desped\u00edan sin gran explicaci\u00f3n\u2026<\/p>\n<p>Considerando eso a lo mejor, Mariana, sin que tuviera esa intenci\u00f3n, le recordaba que ella ten\u00eda un objetivo que trascend\u00eda ese trabajo, y que a trav\u00e9s de un comentario hiriente que nadie se merece, le recordaba su objetivo original.<\/p>\n<p>Me parece que, como en la situaci\u00f3n que describo, sin justificar, ni evadir circunstancias complicadas, cuando les encontramos un sentido amortiguamos el dolor, diluimos el sentimiento de impotencia y vamos m\u00e1s all\u00e1 de ese momento o esa persona hostil para encontrarle un sentido a nuestra identidad y a nuestra historia\u2026 Por eso creo que el dolor y personas inc\u00f3modas en nuestra vida, muchas veces son maestros que nos obligamos a escuchar.<\/p>\n<p>&nbsp;<\/p>\n<p>Arturo Hern\u00e1ndez Vera especialista en dependencia emocional, infidelidad, celos y resolver ruptura de pareja<br \/>\nPsic\u00f3logos y terapia individual y de pareja en el D.F. Divisi\u00f3n del Norte # 313, entre Prvidencia y Adolfo Prieto, C\u00f3lonia del Valle, Delegaci\u00f3n Benito Ju\u00e1rez.<\/p>\n","protected":false},"excerpt":{"rendered":"<p>Cuando tu maestro se llama dolor &nbsp; Antes de compartir el siguiente texto quiero aclarar que cualquier abuso permitido y no aclarado y resuelto me parece una falta de cuidado hacia uno y hacia el abusador que es tolerado y mantenido en ese esquema\u2026 La semana pasada Ilse, me cont\u00f3 lo siguiente: Mariana. Se llama &hellip; <a href=\"https:\/\/psicologosyterapiadf.com.mx\/blog\/2015\/09\/28\/el-dolor-es-un-maestro\/\" class=\"more-link\">Seguir leyendo <span class=\"screen-reader-text\">El dolor es un maestro<\/span> <span class=\"meta-nav\">&rarr;<\/span><\/a><\/p>\n","protected":false},"author":1,"featured_media":0,"comment_status":"open","ping_status":"open","sticky":false,"template":"","format":"quote","meta":[],"categories":[9,3,4],"tags":[15,14,16,17,69,68,11,70],"_links":{"self":[{"href":"https:\/\/psicologosyterapiadf.com.mx\/blog\/wp-json\/wp\/v2\/posts\/316"}],"collection":[{"href":"https:\/\/psicologosyterapiadf.com.mx\/blog\/wp-json\/wp\/v2\/posts"}],"about":[{"href":"https:\/\/psicologosyterapiadf.com.mx\/blog\/wp-json\/wp\/v2\/types\/post"}],"author":[{"embeddable":true,"href":"https:\/\/psicologosyterapiadf.com.mx\/blog\/wp-json\/wp\/v2\/users\/1"}],"replies":[{"embeddable":true,"href":"https:\/\/psicologosyterapiadf.com.mx\/blog\/wp-json\/wp\/v2\/comments?post=316"}],"version-history":[{"count":0,"href":"https:\/\/psicologosyterapiadf.com.mx\/blog\/wp-json\/wp\/v2\/posts\/316\/revisions"}],"wp:attachment":[{"href":"https:\/\/psicologosyterapiadf.com.mx\/blog\/wp-json\/wp\/v2\/media?parent=316"}],"wp:term":[{"taxonomy":"category","embeddable":true,"href":"https:\/\/psicologosyterapiadf.com.mx\/blog\/wp-json\/wp\/v2\/categories?post=316"},{"taxonomy":"post_tag","embeddable":true,"href":"https:\/\/psicologosyterapiadf.com.mx\/blog\/wp-json\/wp\/v2\/tags?post=316"}],"curies":[{"name":"wp","href":"https:\/\/api.w.org\/{rel}","templated":true}]}}