{"id":310,"date":"2015-09-21T13:41:39","date_gmt":"2015-09-21T19:41:39","guid":{"rendered":"http:\/\/psicologosyterapiadf.com.mx\/blog\/?p=310"},"modified":"2015-12-21T10:39:20","modified_gmt":"2015-12-21T16:39:20","slug":"punto-debil","status":"publish","type":"post","link":"https:\/\/psicologosyterapiadf.com.mx\/blog\/2015\/09\/21\/punto-debil\/","title":{"rendered":"Punto d\u00e9bil"},"content":{"rendered":"<figure id=\"attachment_501\" aria-describedby=\"caption-attachment-501\" style=\"width: 300px\" class=\"wp-caption aligncenter\"><a href=\"http:\/\/psicologosyterapiadf.com.mx\/blog\/wp-content\/uploads\/2015\/09\/pusnto_d\u00e9bil.jpg\"><img decoding=\"async\" loading=\"lazy\" class=\"size-medium wp-image-501\" src=\"http:\/\/psicologosyterapiadf.com.mx\/blog\/wp-content\/uploads\/2015\/09\/pusnto_d\u00e9bil-300x225.jpg\" alt=\"Psic\u00f3logos DF psic\u00f3logos Colonia del Valle psic\u00f3logos dependencia emocional terapia de pareja psic\u00f3logos M\u00e9xico Psic\u00f3logos Benito Ju\u00e1rez\" width=\"300\" height=\"225\" srcset=\"https:\/\/psicologosyterapiadf.com.mx\/blog\/wp-content\/uploads\/2015\/09\/pusnto_d\u00e9bil-300x225.jpg 300w, https:\/\/psicologosyterapiadf.com.mx\/blog\/wp-content\/uploads\/2015\/09\/pusnto_d\u00e9bil.jpg 400w\" sizes=\"(max-width: 300px) 100vw, 300px\" \/><\/a><figcaption id=\"caption-attachment-501\" class=\"wp-caption-text\">Toda estructura tiene un tal\u00f3n de Aquiles<\/figcaption><\/figure>\n<p>Por mi trabajo me encuentro con frecuencia con fragilidad, con caracter\u00edsticas o recuerdos que generan verg\u00fcenza, culpa y dolor\u2026<\/p>\n<p>Eso me confronta. Hace unos a\u00f1os hice un bolet\u00edn de la belleza de las cicatrices, en el que describ\u00eda que algo que refleja una herida pasada ya superada, y que convencionalmente no encaja con patrones est\u00e9ticos o armoniosos, tiene su encanto porque demuestra la historia particular de alguien.<\/p>\n<p>Creo que una belleza similar tienen las heridas abiertas, la patolog\u00eda y el trauma tiene su parte fascinante, no por el dolor, pero s\u00ed por un momento aut\u00e9ntico y \u00fanico de la vida de una persona que encierra un recurso potencial.<\/p>\n<p><!--more-->Todos tenemos cicatrices y creo que la mayor\u00eda tenemos heridas abiertas que no cerramos al cubrirlas con apariencias. No nos gusta mostrar nuestro tal\u00f3n de Aquiles. Es ir\u00f3nico, que muchas veces el mero hecho de cubrirlo, lo deja m\u00e1s expuesto.<\/p>\n<p>Todos tenemos puntos vulnerables y nos duele reconocerlos, porque nuestro entorno o nosotros mismos nos hemos apretado nervio en el pasado, todos tenemos algo que nos da pena que los dem\u00e1s sepan de nosotros\u2026<\/p>\n<p>Es curioso que eso que tanto escondemos, la mayor\u00eda de las veces, no sea tan estridente como imaginamos, pero que s\u00ed nos atormenta y tratamos de esconder por m\u00faltiples medios quiz\u00e1 haci\u00e9ndolo m\u00e1s evidente.<\/p>\n<p>Me he dado cuenta de que una de las cosas que m\u00e1s atractiva me resulta de la gente, no importa su g\u00e9nero, apariencia f\u00edsica o nivel educativo, es su capacidad de re\u00edrse de ellos mismos, me invita a hacer lo mismo\u2026 Por el contrario, el encontrarme con alarde me vuelve suspicaz a\u00fan cuando sepa algunas veces que es un intento de protegerse de alguna agresi\u00f3n potencial.<\/p>\n<p>Hubo una vez alguien que me gust\u00f3 decirle que es belleza ca\u00f3tica y perfecci\u00f3n incompleta, y creo que eso se aplica a todo ser humano: somos perfectos en nuestro proceso individual de errores, de l\u00e1grimas, de sorpresas y construcci\u00f3n.<\/p>\n<p>Para m\u00ed, mis fragilidades me generan verg\u00fcenza y culpa, pero tambi\u00e9n me doy cuenta que cuando me reconcilio con ellos, y los acepto, aunque sea un poco, me siento m\u00e1s ligero y tengo un punto de encuentro para abordar a alguien m\u00e1s y compartirle lo padre que es mostrarse vulnerable de vez en cuando, y que ser vulnerable no es sin\u00f3nimo de debilidad, sino de transparencia con uno mismo y con la gente que nos rodea\u2026<\/p>\n<p>Ser transparente, hasta de las cosas que no nos gustan de nosotros mismos y que es probable que a los dem\u00e1s s\u00ed les gusten sin que nosotros lo imaginemos.<\/p>\n<p>Cierro con un frase de Tim Ferriss:<\/p>\n<p>\u201cA veces lo que m\u00e1s tenemos miedo de hacer, es lo que m\u00e1s necesitamos resolver.\u201d<\/p>\n<p>Arturo Hern\u00e1ndez Vera, especialista en dependencia emocional, infidelidad, celos y resolver ruptura de pareja<\/p>\n<p>Psic\u00f3logos y terapia individual y de pareja en el D.F.<\/p>\n<p>artherver@yahoo.com.mx<\/p>\n<p>0445530729624<\/p>\n","protected":false},"excerpt":{"rendered":"<p>Por mi trabajo me encuentro con frecuencia con fragilidad, con caracter\u00edsticas o recuerdos que generan verg\u00fcenza, culpa y dolor\u2026 Eso me confronta. Hace unos a\u00f1os hice un bolet\u00edn de la belleza de las cicatrices, en el que describ\u00eda que algo que refleja una herida pasada ya superada, y que convencionalmente no encaja con patrones est\u00e9ticos &hellip; <a href=\"https:\/\/psicologosyterapiadf.com.mx\/blog\/2015\/09\/21\/punto-debil\/\" class=\"more-link\">Seguir leyendo <span class=\"screen-reader-text\">Punto d\u00e9bil<\/span> <span class=\"meta-nav\">&rarr;<\/span><\/a><\/p>\n","protected":false},"author":1,"featured_media":0,"comment_status":"open","ping_status":"open","sticky":false,"template":"","format":"aside","meta":[],"categories":[9,7,4],"tags":[69,68,11,70],"_links":{"self":[{"href":"https:\/\/psicologosyterapiadf.com.mx\/blog\/wp-json\/wp\/v2\/posts\/310"}],"collection":[{"href":"https:\/\/psicologosyterapiadf.com.mx\/blog\/wp-json\/wp\/v2\/posts"}],"about":[{"href":"https:\/\/psicologosyterapiadf.com.mx\/blog\/wp-json\/wp\/v2\/types\/post"}],"author":[{"embeddable":true,"href":"https:\/\/psicologosyterapiadf.com.mx\/blog\/wp-json\/wp\/v2\/users\/1"}],"replies":[{"embeddable":true,"href":"https:\/\/psicologosyterapiadf.com.mx\/blog\/wp-json\/wp\/v2\/comments?post=310"}],"version-history":[{"count":0,"href":"https:\/\/psicologosyterapiadf.com.mx\/blog\/wp-json\/wp\/v2\/posts\/310\/revisions"}],"wp:attachment":[{"href":"https:\/\/psicologosyterapiadf.com.mx\/blog\/wp-json\/wp\/v2\/media?parent=310"}],"wp:term":[{"taxonomy":"category","embeddable":true,"href":"https:\/\/psicologosyterapiadf.com.mx\/blog\/wp-json\/wp\/v2\/categories?post=310"},{"taxonomy":"post_tag","embeddable":true,"href":"https:\/\/psicologosyterapiadf.com.mx\/blog\/wp-json\/wp\/v2\/tags?post=310"}],"curies":[{"name":"wp","href":"https:\/\/api.w.org\/{rel}","templated":true}]}}