{"id":307,"date":"2015-09-07T09:46:18","date_gmt":"2015-09-07T15:46:18","guid":{"rendered":"http:\/\/psicologosyterapiadf.com.mx\/blog\/?p=307"},"modified":"2015-12-21T10:55:46","modified_gmt":"2015-12-21T16:55:46","slug":"algo-que-no-me-gusta-de-mi","status":"publish","type":"post","link":"https:\/\/psicologosyterapiadf.com.mx\/blog\/2015\/09\/07\/algo-que-no-me-gusta-de-mi\/","title":{"rendered":"Algo que no me gusta de m\u00ed"},"content":{"rendered":"<figure id=\"attachment_505\" aria-describedby=\"caption-attachment-505\" style=\"width: 300px\" class=\"wp-caption aligncenter\"><a href=\"http:\/\/psicologosyterapiadf.com.mx\/blog\/wp-content\/uploads\/2015\/09\/no_me_gusta_de_m\u00ed.png.jpg\"><img decoding=\"async\" loading=\"lazy\" class=\"size-medium wp-image-505\" src=\"http:\/\/psicologosyterapiadf.com.mx\/blog\/wp-content\/uploads\/2015\/09\/no_me_gusta_de_m\u00ed.png-300x300.jpg\" alt=\"&quot;Psic\u00f3logos DF psic\u00f3logos Colonia del Valle psic\u00f3logos dependencia emocional terapia de pareja psic\u00f3logos M\u00e9xico Psic\u00f3logos Benito Ju\u00e1rez&quot;\" width=\"300\" height=\"300\" srcset=\"https:\/\/psicologosyterapiadf.com.mx\/blog\/wp-content\/uploads\/2015\/09\/no_me_gusta_de_m\u00ed.png-300x300.jpg 300w, https:\/\/psicologosyterapiadf.com.mx\/blog\/wp-content\/uploads\/2015\/09\/no_me_gusta_de_m\u00ed.png-150x150.jpg 150w, https:\/\/psicologosyterapiadf.com.mx\/blog\/wp-content\/uploads\/2015\/09\/no_me_gusta_de_m\u00ed.png.jpg 626w\" sizes=\"(max-width: 300px) 100vw, 300px\" \/><\/a><figcaption id=\"caption-attachment-505\" class=\"wp-caption-text\">Hasta lo que nos duele, si tenemos consciencia, tiene un sentido.<\/figcaption><\/figure>\n<p>Algo que no me gusta de m\u00ed<\/p>\n<p>Todos, o al menos, toda la gente que conozco, tenemos una emoci\u00f3n eje que por lo general no es agradable y determina la manera en que nos comportamos en la vida.<\/p>\n<p>Esa emoci\u00f3n se hace evidente con el entorno, con lo que nos dicen que nos mueve, con lo que nos hacen, con lo que nosotros a nivel inconsciente hacemos para disfrutar o padecer.<\/p>\n<p><!--more-->En mi caso, mi emoci\u00f3n eje es la inseguridad, y de ah\u00ed vienen otros reto\u00f1os c\u00f3mo pueden ser la culpa, los celos, y otras que socialmente no son tan execrables, como: la curiosidad o el an\u00e1lisis.<\/p>\n<p>Creo que si uno hace consciente su emoci\u00f3n eje y se reconcilia con ella, esto es, la asume, y trata de comprender su origen y sus ventajas, es posible entonces integrarla como un elemento que enriquece la personalidad, m\u00e1s que como uno que la sabotea.<\/p>\n<p>Me he dado cuenta, por ejemplo, que cuando trato de ocultar m\u00e1s mi inseguridad, es cuando m\u00e1s torpe o titubeante me comporto, y que cuando juego con ella, m\u00e1s observador me vuelvo o mejor me conecto con la gente, al mostrarme vulnerable para generar la confianza de que ellos se muestren vulnerables conmigo.<\/p>\n<p>Es entonces cuando me doy cuenta que no es un defecto ser inseguro, es s\u00f3lo un rasgo que puede utilizarse para sentir miedo, o para distinguirme y crecer.<\/p>\n<p>Es una iron\u00eda que cuando acepto esa inseguridad, siento paz y dejo de vivirme tan expuesto, sino por el contrario, confiado.<\/p>\n<p>Creo que te haces un favor si te preguntas que emoci\u00f3n no te gusta de ti, y te reconcilias con ella, es probable que esa emoci\u00f3n sea como una mascota, que si la tratas con cari\u00f1o y la domesticas, termin\u00e9 si\u00e9ndote leal y cuid\u00e1ndote.<\/p>\n<p>As\u00ed que la pr\u00f3xima vez que sientas una emoci\u00f3n desagradable como enojo, inseguridad, ansiedad, confusi\u00f3n\u2026<\/p>\n<p>En lugar de lamentarte y luchar, agrad\u00e9cela y preg\u00fantate qu\u00e9 cosas buenas te ha aportado en tu vida, y qu\u00e9 cosas buenas te puede brindar en un futuro.<\/p>\n<p>Arturo Hern\u00e1ndez Vera especialista en dependencia emocional, infidelidad, celos y resolver ruptura de pareja<br \/>\nPsic\u00f3logos y terapia individual y de pareja en el D.F. Divisi\u00f3n del Norte # 313, entre Prvidencia y Adolfo Prieto, C\u00f3lonia del Valle, Delegaci\u00f3n Benito Ju\u00e1rez.<\/p>\n<p>&nbsp;<\/p>\n","protected":false},"excerpt":{"rendered":"<p>Algo que no me gusta de m\u00ed Todos, o al menos, toda la gente que conozco, tenemos una emoci\u00f3n eje que por lo general no es agradable y determina la manera en que nos comportamos en la vida. Esa emoci\u00f3n se hace evidente con el entorno, con lo que nos dicen que nos mueve, con &hellip; <a href=\"https:\/\/psicologosyterapiadf.com.mx\/blog\/2015\/09\/07\/algo-que-no-me-gusta-de-mi\/\" class=\"more-link\">Seguir leyendo <span class=\"screen-reader-text\">Algo que no me gusta de m\u00ed<\/span> <span class=\"meta-nav\">&rarr;<\/span><\/a><\/p>\n","protected":false},"author":1,"featured_media":0,"comment_status":"open","ping_status":"open","sticky":false,"template":"","format":"standard","meta":[],"categories":[9,4],"tags":[69,68,11,70],"_links":{"self":[{"href":"https:\/\/psicologosyterapiadf.com.mx\/blog\/wp-json\/wp\/v2\/posts\/307"}],"collection":[{"href":"https:\/\/psicologosyterapiadf.com.mx\/blog\/wp-json\/wp\/v2\/posts"}],"about":[{"href":"https:\/\/psicologosyterapiadf.com.mx\/blog\/wp-json\/wp\/v2\/types\/post"}],"author":[{"embeddable":true,"href":"https:\/\/psicologosyterapiadf.com.mx\/blog\/wp-json\/wp\/v2\/users\/1"}],"replies":[{"embeddable":true,"href":"https:\/\/psicologosyterapiadf.com.mx\/blog\/wp-json\/wp\/v2\/comments?post=307"}],"version-history":[{"count":0,"href":"https:\/\/psicologosyterapiadf.com.mx\/blog\/wp-json\/wp\/v2\/posts\/307\/revisions"}],"wp:attachment":[{"href":"https:\/\/psicologosyterapiadf.com.mx\/blog\/wp-json\/wp\/v2\/media?parent=307"}],"wp:term":[{"taxonomy":"category","embeddable":true,"href":"https:\/\/psicologosyterapiadf.com.mx\/blog\/wp-json\/wp\/v2\/categories?post=307"},{"taxonomy":"post_tag","embeddable":true,"href":"https:\/\/psicologosyterapiadf.com.mx\/blog\/wp-json\/wp\/v2\/tags?post=307"}],"curies":[{"name":"wp","href":"https:\/\/api.w.org\/{rel}","templated":true}]}}