{"id":271,"date":"2015-08-02T13:24:36","date_gmt":"2015-08-02T19:24:36","guid":{"rendered":"http:\/\/psicologosyterapiadf.com.mx\/blog\/?p=271"},"modified":"2015-12-21T18:03:52","modified_gmt":"2015-12-22T00:03:52","slug":"como-reacciona-un-adolescente-normal","status":"publish","type":"post","link":"https:\/\/psicologosyterapiadf.com.mx\/blog\/2015\/08\/02\/como-reacciona-un-adolescente-normal\/","title":{"rendered":"\u00bfC\u00f3mo reacciona un adolescente &#8220;normal?&#8221;"},"content":{"rendered":"<p><!--more--><\/p>\n<p>Mecanismos defensivos del adolescente<\/p>\n<p><a href=\"http:\/\/psicologosyterapiadf.com.mx\/blog\/wp-content\/uploads\/2015\/08\/Mecanismos_adolescente.jpg\"><img decoding=\"async\" loading=\"lazy\" class=\"aligncenter size-medium wp-image-526\" src=\"http:\/\/psicologosyterapiadf.com.mx\/blog\/wp-content\/uploads\/2015\/08\/Mecanismos_adolescente-300x199.jpg\" alt=\"Psic\u00f3logos DF psic\u00f3logos Colonia del Valle psic\u00f3logos dependencia emocional terapia de pareja psic\u00f3logos M\u00e9xico Psic\u00f3logos Benito Ju\u00e1rez\" width=\"300\" height=\"199\" srcset=\"https:\/\/psicologosyterapiadf.com.mx\/blog\/wp-content\/uploads\/2015\/08\/Mecanismos_adolescente-300x199.jpg 300w, https:\/\/psicologosyterapiadf.com.mx\/blog\/wp-content\/uploads\/2015\/08\/Mecanismos_adolescente.jpg 449w\" sizes=\"(max-width: 300px) 100vw, 300px\" \/><\/a><\/p>\n<p>1. \u00bfQu\u00e9 es un mecanismo defensivo?<br \/>\n2. \u00bfPara qu\u00e9 sirve un mecanismo defensivo?<br \/>\n3. \u00bfQu\u00e9 es un mecanismo defensivo?<br \/>\n4. Lista de mecanismos defensivos<\/p>\n<p>\u00bfQu\u00e9 genera los mecanismos defensivos en el adolescente?<br \/>\nCualquier modo de actuar, percibir o sentir que permite la interacci\u00f3n de un individuo con lo que lo rodea.<\/p>\n<p>\u00bfPara qu\u00e9 sirve un mecanismo defensivo?<br \/>\nPara darle sentido a una situaci\u00f3n.<\/p>\n<p>\u00bfQu\u00e9 genera los mecanismos defensivos en el adolescente?<br \/>\nEL \u201cS\u00cdNDROME NORMAL\u201d DE LA ADOLESCENCIA<br \/>\nSintomatolog\u00eda:<br \/>\n1. B\u00fasqueda de la identidad.<br \/>\n2. Tendencia grupal.<br \/>\n3. Necesidad de intelectualizar y fantasear.<br \/>\n4. Crisis religiosas.<br \/>\n5. Desubicaci\u00f3n temporal.<br \/>\n6. Evoluci\u00f3n sexual.<br \/>\n7. Actitud social reivindicatoria.<br \/>\n8. Contradicciones.<br \/>\n9. Separaci\u00f3n progresiva de los padres.<br \/>\n10. Fluctuaciones de estado de \u00e1nimo.<\/p>\n<p>Lista de mecanismos defensivos<br \/>\n1. Ascetismo.<br \/>\n2. Intelectualizaci\u00f3n.<br \/>\n3. Uniformismo.<br \/>\n4. Formalismo.<br \/>\n5. Escepticismo.<br \/>\n6. Dogmatismo.<br \/>\n7. Impulsivismo.<br \/>\n8. Intuicionismo.<br \/>\n9. Conformismo.<br \/>\n10. Indiferentismo.<br \/>\n11. F\u00e1bula personal.<br \/>\n12. Pseudoestupidez.<br \/>\n13. Hipocres\u00eda moral.<\/p>\n<p>Arturo Hern\u00e1ndez Vera, especialista en dependencia emocional, infidelidad, celos y resolver ruptura de pareja<br \/>\nPsic\u00f3logos y terapia individual y de pareja en el D.F.<br \/>\nartherver@yahoo.com.mx<br \/>\n0445530729624<\/p>\n","protected":false},"excerpt":{"rendered":"","protected":false},"author":1,"featured_media":0,"comment_status":"open","ping_status":"open","sticky":false,"template":"","format":"standard","meta":[],"categories":[4],"tags":[87,88,69,68,11,70],"_links":{"self":[{"href":"https:\/\/psicologosyterapiadf.com.mx\/blog\/wp-json\/wp\/v2\/posts\/271"}],"collection":[{"href":"https:\/\/psicologosyterapiadf.com.mx\/blog\/wp-json\/wp\/v2\/posts"}],"about":[{"href":"https:\/\/psicologosyterapiadf.com.mx\/blog\/wp-json\/wp\/v2\/types\/post"}],"author":[{"embeddable":true,"href":"https:\/\/psicologosyterapiadf.com.mx\/blog\/wp-json\/wp\/v2\/users\/1"}],"replies":[{"embeddable":true,"href":"https:\/\/psicologosyterapiadf.com.mx\/blog\/wp-json\/wp\/v2\/comments?post=271"}],"version-history":[{"count":0,"href":"https:\/\/psicologosyterapiadf.com.mx\/blog\/wp-json\/wp\/v2\/posts\/271\/revisions"}],"wp:attachment":[{"href":"https:\/\/psicologosyterapiadf.com.mx\/blog\/wp-json\/wp\/v2\/media?parent=271"}],"wp:term":[{"taxonomy":"category","embeddable":true,"href":"https:\/\/psicologosyterapiadf.com.mx\/blog\/wp-json\/wp\/v2\/categories?post=271"},{"taxonomy":"post_tag","embeddable":true,"href":"https:\/\/psicologosyterapiadf.com.mx\/blog\/wp-json\/wp\/v2\/tags?post=271"}],"curies":[{"name":"wp","href":"https:\/\/api.w.org\/{rel}","templated":true}]}}