{"id":2574,"date":"2017-05-10T20:19:16","date_gmt":"2017-05-11T02:19:16","guid":{"rendered":"http:\/\/psicologosyterapiadf.com.mx\/blog\/?p=2574"},"modified":"2017-05-16T22:02:50","modified_gmt":"2017-05-17T04:02:50","slug":"el-psicologo-envidioso","status":"publish","type":"post","link":"https:\/\/psicologosyterapiadf.com.mx\/blog\/2017\/05\/10\/el-psicologo-envidioso\/","title":{"rendered":"El psic\u00f3logo envidioso"},"content":{"rendered":"<p>Creo que todas las emociones que sentimos tienen un prop\u00f3sito.<\/p>\n<p><img decoding=\"async\" loading=\"lazy\" class=\"aligncenter size-full wp-image-2578\" src=\"http:\/\/psicologosyterapiadf.com.mx\/blog\/wp-content\/uploads\/2017\/05\/psicologo-envidioso-da-terapia-mexico-distrito-federal-df-cdmx.jpg\" alt=\"psicologo-envidioso-da-terapia-mexico-distrito-federal-df-cdmx\" width=\"676\" height=\"401\" srcset=\"https:\/\/psicologosyterapiadf.com.mx\/blog\/wp-content\/uploads\/2017\/05\/psicologo-envidioso-da-terapia-mexico-distrito-federal-df-cdmx.jpg 676w, https:\/\/psicologosyterapiadf.com.mx\/blog\/wp-content\/uploads\/2017\/05\/psicologo-envidioso-da-terapia-mexico-distrito-federal-df-cdmx-300x178.jpg 300w\" sizes=\"(max-width: 676px) 100vw, 676px\" \/><\/p>\n<p>Incluso las desagradables, \u00a0las que se ven mal por la urbanidad.<\/p>\n<p>&nbsp;<\/p>\n<p>En varias ocasiones les digo a mis pacientes, que por m\u00e1s psic\u00f3logo que sea o por m\u00e1s terapia que tome, individual o de pareja, me gana la humanidad en ocasiones.<\/p>\n<p>&nbsp;<\/p>\n<p>Por m\u00e1s psic\u00f3logo que sea, siento celos, miedo, inseguridad, me comparo, siento envidia&#8230;<\/p>\n<p><!--more--><\/p>\n<p>Lo que aprendo con el paso del tiempo, es que antes me sent\u00eda mala persona o defectuoso, tambi\u00e9n sent\u00eda culpa.<\/p>\n<p>&nbsp;<\/p>\n<p>Pensaba que las &#8220;buenas personas&#8221; no sienten estas emociones y viven un estado perpetuo de buena voluntad.<\/p>\n<p>&nbsp;<\/p>\n<p>Cada d\u00eda mis pacientes me ense\u00f1an lecciones de humildad, lo m\u00e1s elevado y lo m\u00e1s bajo. Yo no soy muy diferente. Tengo malos momentos y tambi\u00e9n puedo sentirme muy bien.<\/p>\n<p>&nbsp;<\/p>\n<p>Sin embargo, me parece que lo que me distingue de la mayor\u00eda de las personas es que cada vez que escucho la parte obscura de alg\u00fan paciente en terapia, me recuerdo que las &#8220;malas&#8221; emociones no son malas en esencia&#8230;<\/p>\n<p>&nbsp;<\/p>\n<p>Cuando me llega la envidia, la comparaci\u00f3n para minimizarme, los celos, el miedo&#8230;<\/p>\n<p>&nbsp;<\/p>\n<p>Despu\u00e9s de pasmarme un rato, me doy cuenta que esas emociones me avisan en tiempo real algo que tengo pendiente de resolver.<\/p>\n<p>&nbsp;<\/p>\n<p>Hace poco empec\u00e9 a leer un libro, me parec\u00eda mal redactado, sent\u00eda que el autor inventaba neologismos sin sentido y ten\u00eda poco o nulo contenido que me enriqueciera, me irritaba ver que ya iba en la 3era edici\u00f3n y \u00a0que desde 2009 ten\u00eda, por lo menos, una impresi\u00f3n anual&#8230;<\/p>\n<p>&nbsp;<\/p>\n<p>Despu\u00e9s de un rato de sumergirme en mi malestar, ca\u00ed en la cuenta de que lo que sent\u00eda era envidia.<\/p>\n<p>&nbsp;<\/p>\n<p>Envidia de que ese escritor, si se atreviera a publicar y vender. A pesar de mostrar seriar limitaciones de escritura, ese hombre s\u00ed se hab\u00eda atrevido a escribir, a publicar y a vender sus ideas.<\/p>\n<p>&nbsp;<\/p>\n<p>Yo tomaba una experiencia neutral de la realidad, un libro, y criticaba en mi interior a otra persona&#8230; pero en realidad ese era un llamado de atenci\u00f3n interno de un pendiente personal que yo tengo: publicar un libro.<\/p>\n<p>&nbsp;<\/p>\n<p>A veces es m\u00e1s f\u00e1cil quedarnos con la emociones desagradables y justificarnos, en lugar de darnos cuenta que algo adentro de uno \u00a0nos avisa a gritos con celos, envidia, mala vibra, miedo que tenemos un asunto que tratar con nosotros mismos.<\/p>\n<p>&nbsp;<\/p>\n<p>Psic\u00f3logos y Terapia de Pareja presencial y en l\u00ednea en M\u00e9xico DF, ahora CDMX.<\/p>\n","protected":false},"excerpt":{"rendered":"<p>Creo que todas las emociones que sentimos tienen un prop\u00f3sito. Incluso las desagradables, \u00a0las que se ven mal por la urbanidad. &nbsp; En varias ocasiones les digo a mis pacientes, que por m\u00e1s psic\u00f3logo que sea o por m\u00e1s terapia que tome, individual o de pareja, me gana la humanidad en ocasiones. &nbsp; Por m\u00e1s &hellip; <a href=\"https:\/\/psicologosyterapiadf.com.mx\/blog\/2017\/05\/10\/el-psicologo-envidioso\/\" class=\"more-link\">Seguir leyendo <span class=\"screen-reader-text\">El psic\u00f3logo envidioso<\/span> <span class=\"meta-nav\">&rarr;<\/span><\/a><\/p>\n","protected":false},"author":1,"featured_media":0,"comment_status":"open","ping_status":"open","sticky":false,"template":"","format":"standard","meta":[],"categories":[9,188,374,213,4],"tags":[375],"_links":{"self":[{"href":"https:\/\/psicologosyterapiadf.com.mx\/blog\/wp-json\/wp\/v2\/posts\/2574"}],"collection":[{"href":"https:\/\/psicologosyterapiadf.com.mx\/blog\/wp-json\/wp\/v2\/posts"}],"about":[{"href":"https:\/\/psicologosyterapiadf.com.mx\/blog\/wp-json\/wp\/v2\/types\/post"}],"author":[{"embeddable":true,"href":"https:\/\/psicologosyterapiadf.com.mx\/blog\/wp-json\/wp\/v2\/users\/1"}],"replies":[{"embeddable":true,"href":"https:\/\/psicologosyterapiadf.com.mx\/blog\/wp-json\/wp\/v2\/comments?post=2574"}],"version-history":[{"count":0,"href":"https:\/\/psicologosyterapiadf.com.mx\/blog\/wp-json\/wp\/v2\/posts\/2574\/revisions"}],"wp:attachment":[{"href":"https:\/\/psicologosyterapiadf.com.mx\/blog\/wp-json\/wp\/v2\/media?parent=2574"}],"wp:term":[{"taxonomy":"category","embeddable":true,"href":"https:\/\/psicologosyterapiadf.com.mx\/blog\/wp-json\/wp\/v2\/categories?post=2574"},{"taxonomy":"post_tag","embeddable":true,"href":"https:\/\/psicologosyterapiadf.com.mx\/blog\/wp-json\/wp\/v2\/tags?post=2574"}],"curies":[{"name":"wp","href":"https:\/\/api.w.org\/{rel}","templated":true}]}}