{"id":2254,"date":"2017-04-21T22:54:53","date_gmt":"2017-04-22T04:54:53","guid":{"rendered":"http:\/\/psicologosyterapiadf.com.mx\/blog\/?p=2254"},"modified":"2020-05-11T15:41:28","modified_gmt":"2020-05-11T21:41:28","slug":"por-que-somos-pesimistas-por-naturaleza","status":"publish","type":"post","link":"https:\/\/psicologosyterapiadf.com.mx\/blog\/2017\/04\/21\/por-que-somos-pesimistas-por-naturaleza\/","title":{"rendered":"Por qu\u00e9 somos pesimistas por naturaleza"},"content":{"rendered":"<p>Desde hace tiempo me pregunto porque me resulta ser m\u00e1s sensible a lo negativo, a ver lo malo a &#8220;bajonearme&#8221;, con m\u00e1s facilidad que a ver las cosas buenas que me rodean.<\/p>\n<p><!--more--><\/p>\n<p>Veo con frecuencia una percepci\u00f3n similar en el trato con mis pacientes en terapia. Son m\u00e1s propensos al dolor, a la ansiedad, a imaginar cat\u00e1strofes, que a ver las cosas buenas que hay en su realidad como el apoyo de familiares y amigos o tener salud, o solvencia econ\u00f3mica.<\/p>\n<p>&nbsp;<\/p>\n<p>El miedo vende, por eso abundan las noticias de crimen y violencia, no genera el mismo impacto noticias agradables cotidianas.<\/p>\n<p>Acabo de concluir \u00a0un libro que me aclar\u00f3 porqu\u00e9 soy m\u00e1s sensible \u00a0a lo negativo, a desconfiar, a sentir miedo o angustia que a sentirme en paz, agradecido o tranquilo.<\/p>\n<p>&nbsp;<\/p>\n<p>Ese libro dec\u00eda:<\/p>\n<p>&nbsp;<\/p>\n<p>TU CEREBRO NO EST\u00c1 DISE\u00d1ADO PARA SER FELIZ, TU CEREBRO EST\u00c1 \u00a0HECHO PARA SOBREVIVIR.<\/p>\n<p>&nbsp;<\/p>\n<p>Por ese motivo ponemos acento en lo que \u00a0puede lastimarnos, somos paranoicos de closet que reaccionamos de inmediato a cualquier sugerencia apocal\u00edptica de amenaza a nuestra integridad.<\/p>\n<p>&nbsp;<\/p>\n<p>No somos pesimistas, simplemente tenemos en nuestra cabeza una m\u00e1quina demasiado precisa para detectar amenazas de hace miles de a\u00f1os.<\/p>\n<p>&nbsp;<\/p>\n<p>Psic\u00f3logos y Terapia de Pareja presencial y en l\u00ednea en M\u00e9xico DF, ahora CDMX.<\/p>\n<p>&nbsp;<\/p>\n","protected":false},"excerpt":{"rendered":"<p>\u00bfPor qu\u00e9 es mas f\u00e1cil ver lo malo que lo bueno?<\/p>\n","protected":false},"author":1,"featured_media":0,"comment_status":"open","ping_status":"open","sticky":false,"template":"","format":"standard","meta":[],"categories":[231,213,248],"tags":[287,373,372],"_links":{"self":[{"href":"https:\/\/psicologosyterapiadf.com.mx\/blog\/wp-json\/wp\/v2\/posts\/2254"}],"collection":[{"href":"https:\/\/psicologosyterapiadf.com.mx\/blog\/wp-json\/wp\/v2\/posts"}],"about":[{"href":"https:\/\/psicologosyterapiadf.com.mx\/blog\/wp-json\/wp\/v2\/types\/post"}],"author":[{"embeddable":true,"href":"https:\/\/psicologosyterapiadf.com.mx\/blog\/wp-json\/wp\/v2\/users\/1"}],"replies":[{"embeddable":true,"href":"https:\/\/psicologosyterapiadf.com.mx\/blog\/wp-json\/wp\/v2\/comments?post=2254"}],"version-history":[{"count":2,"href":"https:\/\/psicologosyterapiadf.com.mx\/blog\/wp-json\/wp\/v2\/posts\/2254\/revisions"}],"predecessor-version":[{"id":6655,"href":"https:\/\/psicologosyterapiadf.com.mx\/blog\/wp-json\/wp\/v2\/posts\/2254\/revisions\/6655"}],"wp:attachment":[{"href":"https:\/\/psicologosyterapiadf.com.mx\/blog\/wp-json\/wp\/v2\/media?parent=2254"}],"wp:term":[{"taxonomy":"category","embeddable":true,"href":"https:\/\/psicologosyterapiadf.com.mx\/blog\/wp-json\/wp\/v2\/categories?post=2254"},{"taxonomy":"post_tag","embeddable":true,"href":"https:\/\/psicologosyterapiadf.com.mx\/blog\/wp-json\/wp\/v2\/tags?post=2254"}],"curies":[{"name":"wp","href":"https:\/\/api.w.org\/{rel}","templated":true}]}}