{"id":1454,"date":"2016-09-25T12:53:49","date_gmt":"2016-09-25T18:53:49","guid":{"rendered":"http:\/\/psicologosyterapiadf.com.mx\/blog\/?p=1454"},"modified":"2016-09-25T13:15:48","modified_gmt":"2016-09-25T19:15:48","slug":"como-dejar-de-preocuparse","status":"publish","type":"post","link":"https:\/\/psicologosyterapiadf.com.mx\/blog\/2016\/09\/25\/como-dejar-de-preocuparse\/","title":{"rendered":"\u00bfc\u00f3mo dejar de preocuparse?"},"content":{"rendered":"<figure id=\"attachment_1459\" aria-describedby=\"caption-attachment-1459\" style=\"width: 300px\" class=\"wp-caption aligncenter\"><img decoding=\"async\" loading=\"lazy\" class=\"size-medium wp-image-1459\" src=\"http:\/\/psicologosyterapiadf.com.mx\/blog\/wp-content\/uploads\/2016\/09\/como-dejar-de-preocuparse-don-preocupon-300x274.jpg\" alt=\"De chico le\u00ed este libro que trata de un personaje que se la pasa proecup\u00e1ndose. \" width=\"300\" height=\"274\" srcset=\"https:\/\/psicologosyterapiadf.com.mx\/blog\/wp-content\/uploads\/2016\/09\/como-dejar-de-preocuparse-don-preocupon-300x274.jpg 300w, https:\/\/psicologosyterapiadf.com.mx\/blog\/wp-content\/uploads\/2016\/09\/como-dejar-de-preocuparse-don-preocupon.jpg 650w\" sizes=\"(max-width: 300px) 100vw, 300px\" \/><figcaption id=\"caption-attachment-1459\" class=\"wp-caption-text\">De chico le\u00ed este libro que trata de un personaje que se la pasa proecup\u00e1ndose.<\/figcaption><\/figure>\n<p>&nbsp;<\/p>\n<p>Un paciente que es demasiado responsable y escrupuloso, en un momento dado me dijo:<\/p>\n<p>&nbsp;<\/p>\n<p>&#8220;Estoy preocupado de que no tengo de qu\u00e9 preocuparme.&#8221;<\/p>\n<p><!--more--><\/p>\n<p>Despu\u00e9s de algo de\u00a0 tiempo vi una pel\u00edcula con poco presupuesto, una mala historia, actores poco conocidos, pero con muy buenas preguntas llamada: &#8220;El club de los genios&#8221;.<\/p>\n<p>&nbsp;<\/p>\n<p>Una de dichas cuestiones se refiere a por qu\u00e9 tenemos tantos problemas en la actualidad, si existe acceso a recursos, informaci\u00f3n y tecnolog\u00eda que nunca antes hab\u00edamos pose\u00eddo.<\/p>\n<p>&nbsp;<\/p>\n<p>La respuesta me dej\u00f3 perplejo:<\/p>\n<p>&nbsp;<\/p>\n<blockquote>\n<p style=\"text-align: center;\"><strong>&#8220;Tenemos necesidad de preocuparnos. Si resolvieramos todos los problemas del mundo, estar\u00edamos felices un rato y despu\u00e9s nos suicidar\u00edamos.&#8221;<\/strong><\/p>\n<\/blockquote>\n<p>&nbsp;<\/p>\n<p>En alg\u00fan punto, somos adictos a preocuparnos. A\u00f1oramos vacaciones o descanso, o resolver alg\u00fan tema. Pero una vez concluido ese tr\u00e1mite o alcanzada una meta volvemos a preocuparnos por algo nuevo.<\/p>\n<p>&nbsp;<\/p>\n<p>Existe algo que puede resolver esta compulsi\u00f3n cr\u00f3nica a la preocupaci\u00f3n, y creo que se refiere a encontrar un sentido a lo que hacemos (para m\u00e1s sobre el tema, el libro: <em>El Hombre en Busca de Sentido<\/em>, de V\u00edktor Frankl, es revelador).<\/p>\n<p>&nbsp;<\/p>\n<p>Cuando encontramos un sentido a lo que hacemos, desaparece el sentimiento de vac\u00edo o la necesidad de preocuparnos&#8230;<\/p>\n<p>y una manera para dejar de preocuparse, es darse cuenta de que en alguna parte profunda de nosotros existe una adicci\u00f3n inconsciente a preocuparnos o a sabotearnos cuando todo est\u00e1 bien.<\/p>\n<p>&nbsp;<\/p>\n<p>Si reconocemos esa necesidad inconsciente, ser\u00e1 m\u00e1s f\u00e1cil reemplazar la preocupaci\u00f3n por un sentido o prop\u00f3sito. A diferencia de la incomodidad que genera preocuparse, un sentido, se vive con la sensaci\u00f3n de trascendencia, de integraci\u00f3n, de que el tiempo vuela y todo se acomoda.<\/p>\n<p>&nbsp;<\/p>\n<p>As\u00ed que la pr\u00f3xima vez que sientas que no puedes salir de una espiral de preocupaciones, preg\u00fantate: &#8220;\u00bfqu\u00e9 gano con preocuparme?&#8221; Y trata de ir m\u00e1s lejos de la respuesta autom\u00e1tica que supone la palabra: &#8220;Nada&#8221;.<\/p>\n<p>&nbsp;<\/p>\n<p>Ah\u00ed empieza la construcci\u00f3n de un prop\u00f3sito o sentido.<\/p>\n<p>&nbsp;<\/p>\n<p>Por si te interesa la historia de &#8220;Don Preocup\u00f3n.&#8221;<\/p>\n<p>&nbsp;<\/p>\n<p><iframe loading=\"lazy\" width=\"474\" height=\"356\" src=\"https:\/\/www.youtube.com\/embed\/IIzIhWt0q8U?feature=oembed\" frameborder=\"0\" allowfullscreen><\/iframe><\/p>\n<p>&nbsp;<\/p>\n<p>Arturo Hern\u00e1ndez Vera, especialista en dependencia emocional, infidelidad, celos y resolver ruptura de pareja<\/p>\n<p>Psic\u00f3logos y terapia individual y terapia de pareja en el D.F., ahora CDMX.<\/p>\n<p>artherver@yahoo.com.mx<\/p>\n<p>0445530729624<\/p>\n<p>&nbsp;<\/p>\n","protected":false},"excerpt":{"rendered":"<p>Un psic\u00f3logo, menciona una estrategia acerca de c\u00f3mo dejar de preocuparse.<\/p>\n","protected":false},"author":1,"featured_media":0,"comment_status":"open","ping_status":"open","sticky":false,"template":"","format":"standard","meta":[],"categories":[231,216],"tags":[306,305,304],"_links":{"self":[{"href":"https:\/\/psicologosyterapiadf.com.mx\/blog\/wp-json\/wp\/v2\/posts\/1454"}],"collection":[{"href":"https:\/\/psicologosyterapiadf.com.mx\/blog\/wp-json\/wp\/v2\/posts"}],"about":[{"href":"https:\/\/psicologosyterapiadf.com.mx\/blog\/wp-json\/wp\/v2\/types\/post"}],"author":[{"embeddable":true,"href":"https:\/\/psicologosyterapiadf.com.mx\/blog\/wp-json\/wp\/v2\/users\/1"}],"replies":[{"embeddable":true,"href":"https:\/\/psicologosyterapiadf.com.mx\/blog\/wp-json\/wp\/v2\/comments?post=1454"}],"version-history":[{"count":0,"href":"https:\/\/psicologosyterapiadf.com.mx\/blog\/wp-json\/wp\/v2\/posts\/1454\/revisions"}],"wp:attachment":[{"href":"https:\/\/psicologosyterapiadf.com.mx\/blog\/wp-json\/wp\/v2\/media?parent=1454"}],"wp:term":[{"taxonomy":"category","embeddable":true,"href":"https:\/\/psicologosyterapiadf.com.mx\/blog\/wp-json\/wp\/v2\/categories?post=1454"},{"taxonomy":"post_tag","embeddable":true,"href":"https:\/\/psicologosyterapiadf.com.mx\/blog\/wp-json\/wp\/v2\/tags?post=1454"}],"curies":[{"name":"wp","href":"https:\/\/api.w.org\/{rel}","templated":true}]}}