{"id":1310,"date":"2016-08-14T11:06:19","date_gmt":"2016-08-14T17:06:19","guid":{"rendered":"http:\/\/psicologosyterapiadf.com.mx\/blog\/?p=1310"},"modified":"2016-08-15T16:27:01","modified_gmt":"2016-08-15T22:27:01","slug":"mas-vale-hecho-que-perfecto","status":"publish","type":"post","link":"https:\/\/psicologosyterapiadf.com.mx\/blog\/2016\/08\/14\/mas-vale-hecho-que-perfecto\/","title":{"rendered":"\u201cM\u00e1s vale hecho que perfecto\u201d"},"content":{"rendered":"<p>No soy una persona impulsiva. Al menos no la mayor parte del tiempo.<\/p>\n<p><!--more--><\/p>\n<p>Se me da con mucha facilidad analizar, pensar, fantasear, imaginar. Me encantan las palabras, los argumentos, las causalidades\u2026<\/p>\n<p>&nbsp;<\/p>\n<p>Eso tiende a ser una desventaja en el momento en el que tengo que actuar o decidir algo.<\/p>\n<p>&nbsp;<\/p>\n<p>En muchos momentos en los que la saturaci\u00f3n de pensamientos me bloquea para concretar algo, me sirve la frase de entrada:<\/p>\n<p>&nbsp;<\/p>\n<p>\u201cM\u00e1s vale hecho, que perfecto.\u201d<\/p>\n<p>&nbsp;<\/p>\n<p>Otra frase que me ayuda cuando me paralizo antes de moverme, cuando trato de quedar bien con todos, y simplemente las posibilidades imaginarias me abruman, es:<\/p>\n<p>&nbsp;<\/p>\n<p>\u201c\u00bfC\u00f3mo podr\u00edas hacer las cosas de la peor forma que pudieras quedar mal con todo mundo y contigo en un solo movimiento?\u201d<\/p>\n<p>&nbsp;<\/p>\n<p>Es tan grotesca la pregunta que me hace dejar de pensar, siento m\u00e1s ligereza para moverme, y me doy cuenta que la mayor\u00eda de mis inseguridades son imaginarias.<\/p>\n<p>&nbsp;<\/p>\n<p>En ese momento las cosas salen mucho mejor de lo que esperaba, o suelto pendientes que me desgastan y se acumulan en mi cabeza.<\/p>\n<p>&nbsp;<\/p>\n<p>Antes me tardaba mucho en hacer las cosas, ahora me tardo menos en concretar. Tambi\u00e9n es una realidad que cometo m\u00e1s errores que antes (la mayor\u00eda inocuos), pero tambi\u00e9n los aprendizajes y beneficios son mucho mayores que los imaginarios.<\/p>\n","protected":false},"excerpt":{"rendered":"<p>Psic\u00f3logo recomienda 2 frases para dejar de procrastinar<\/p>\n","protected":false},"author":1,"featured_media":0,"comment_status":"open","ping_status":"open","sticky":false,"template":"","format":"standard","meta":[],"categories":[54],"tags":[281,280],"_links":{"self":[{"href":"https:\/\/psicologosyterapiadf.com.mx\/blog\/wp-json\/wp\/v2\/posts\/1310"}],"collection":[{"href":"https:\/\/psicologosyterapiadf.com.mx\/blog\/wp-json\/wp\/v2\/posts"}],"about":[{"href":"https:\/\/psicologosyterapiadf.com.mx\/blog\/wp-json\/wp\/v2\/types\/post"}],"author":[{"embeddable":true,"href":"https:\/\/psicologosyterapiadf.com.mx\/blog\/wp-json\/wp\/v2\/users\/1"}],"replies":[{"embeddable":true,"href":"https:\/\/psicologosyterapiadf.com.mx\/blog\/wp-json\/wp\/v2\/comments?post=1310"}],"version-history":[{"count":0,"href":"https:\/\/psicologosyterapiadf.com.mx\/blog\/wp-json\/wp\/v2\/posts\/1310\/revisions"}],"wp:attachment":[{"href":"https:\/\/psicologosyterapiadf.com.mx\/blog\/wp-json\/wp\/v2\/media?parent=1310"}],"wp:term":[{"taxonomy":"category","embeddable":true,"href":"https:\/\/psicologosyterapiadf.com.mx\/blog\/wp-json\/wp\/v2\/categories?post=1310"},{"taxonomy":"post_tag","embeddable":true,"href":"https:\/\/psicologosyterapiadf.com.mx\/blog\/wp-json\/wp\/v2\/tags?post=1310"}],"curies":[{"name":"wp","href":"https:\/\/api.w.org\/{rel}","templated":true}]}}