{"id":1219,"date":"2016-07-13T13:38:51","date_gmt":"2016-07-13T19:38:51","guid":{"rendered":"http:\/\/psicologosyterapiadf.com.mx\/blog\/?p=1219"},"modified":"2016-07-21T15:01:12","modified_gmt":"2016-07-21T21:01:12","slug":"carta-de-paciente-de-un-psicologo-a-la-libertad","status":"publish","type":"post","link":"https:\/\/psicologosyterapiadf.com.mx\/blog\/2016\/07\/13\/carta-de-paciente-de-un-psicologo-a-la-libertad\/","title":{"rendered":"Carta de paciente de un psic\u00f3logo a la libertad"},"content":{"rendered":"<p>&nbsp;<\/p>\n<p>Carta a la libertad<\/p>\n<p><!--more--><\/p>\n<p>Se fue, as\u00ed de f\u00e1cil. Todos los pensamientos anteriores, la dificultad y el miedo con el que pensaba en el adi\u00f3s se han esfumado. Estoy soltera, triste, vac\u00eda tal vez pero estoy tranquila. Lo lastim\u00e9, s\u00ed, pero \u00e9l tambi\u00e9n me lastim\u00f3 a m\u00ed. Llegamos a un punto donde no se pod\u00eda avanzar m\u00e1s, ni retroceder, s\u00f3lo rendirse. Y me rend\u00ed.<\/p>\n<p>&nbsp;<\/p>\n<p>Sal\u00ed de su coche sin despedirme nunca m\u00e1s, dejando todo y lastim\u00e1ndolo. Sin embargo, a la vez que hice eso, cort\u00e9 las cadenas que me deten\u00edan siempre, empec\u00e9 a ver mi vida sin restricciones y me alivi\u00e9. Fue tanta la frustraci\u00f3n en ese momento, tanta la impotencia y el dolor, que en un momento cualquiera, en el que hubiera rogado por seguir con \u00e9l, en donde hubiera llorado y sufrido, no lo hice. Sal\u00ed del veh\u00edculo, sub\u00ed las escaleras, voltee atr\u00e1s. A\u00fan no se hab\u00eda ido. Volte\u00f3 a verme y despu\u00e9s se fue. Sub\u00ed llorando, con el coraz\u00f3n en el piso, inconsolable pero a la vez consciente de que se hab\u00eda acabado todo lo que hab\u00eda cuidado casi 2 a\u00f1os, perd\u00ed a quien amo con todo mi coraz\u00f3n. No, no lo perd\u00ed, al menos no ayer, hace mucho cuando por primera vez nos faltamos al respeto, nos dijimos ofensas que no se perdonan y que seguimos jalando como maletas detr\u00e1s de nuestra relaci\u00f3n.<\/p>\n<p>&nbsp;<\/p>\n<p>Ya no se puede seguir cuando lo \u00fanico que existe es rencor y traici\u00f3n, falta de confianza y el sentimiento de miedo por perder algo que ya no existe. \u00c9l me ayud\u00f3, ya que lo \u00fanico que me ataba a \u00e9l era la ilusi\u00f3n de que iba a cambiar, que me volver\u00eda a decir que soy su amor, me tomar\u00eda la mano, me besar\u00eda y al fin ser\u00edamos felices juntos.<\/p>\n<p>&nbsp;<\/p>\n<p>Pues no, comenz\u00f3 a tratarme como si no fuera su novia, me quit\u00f3 el amor poco a poco y eso me ayud\u00f3 a entender que \u00e9l tampoco estaba bien conmigo, que lo que realmente quer\u00eda \u00e9l no era mejorar nuestra relaci\u00f3n o volver a ser lo que somos sino reprocharme, castigarme por todo lo que yo le hice. Me libr\u00e9 del rechazo, puedo tener amigos, salir, disfrutar mi vida, mi familia y encontrar lo que me gusta, qui\u00e9n soy y qu\u00e9 busco en una relaci\u00f3n en un futuro. Soy libre de ser yo, sin m\u00e1scaras y sin ataduras y tengo la capacidad de hacer todo lo que yo quiera sin pedir permiso, sin esconderme, sin mentir ni traicionar. Ya no quise sufrir y aunque pase este tiempo de luto por mi relaci\u00f3n y por lo que pudo haber sido, decido mantenerme firme ante las circunstancias y tomar un d\u00eda a la vez.<\/p>\n<p>&nbsp;<\/p>\n<p>Libertad, te acabo de encontrar y por m\u00e1s dolorosa que puedas ser, nunca ser\u00e1s tan dolorosa como el desprecio del ser que amas o las palabras hirientes que matan.<\/p>\n<p>&nbsp;<\/p>\n<p>Libertad, bienvenida a mi vida, no te vayas nunca m\u00e1s y descuida, no te preocupes, no quiero volver a estar en una relaci\u00f3n en la que yo me deshice de mi personalidad por ser y sentirme amada. Es muy cierto lo que dicen que es mejor estar sola que mal acompa\u00f1ada y lo voy a probar por mi misma, mientras sano mi alma, cuerpo y coraz\u00f3n.<\/p>\n<p>Gracias por estar conmigo,<\/p>\n<p>Mar\u00eda<\/p>\n<p>Arturo Hern\u00e1ndez Vera, especialista en dependencia emocional, infidelidad, celos y resolver ruptura de pareja<\/p>\n<p>Psic\u00f3logos y terapia individual y terapia de pareja en el D.F., ahora CDMX.<\/p>\n<p>artherver@yahoo.com.mx<\/p>\n<p>0445530729624<\/p>\n","protected":false},"excerpt":{"rendered":"<p>Carta de una paciente que ha vivido una situaci\u00f3n de dependencia emocional. <\/p>\n","protected":false},"author":1,"featured_media":0,"comment_status":"open","ping_status":"open","sticky":false,"template":"","format":"standard","meta":[],"categories":[9,3,5,248,244,6],"tags":[256,258],"_links":{"self":[{"href":"https:\/\/psicologosyterapiadf.com.mx\/blog\/wp-json\/wp\/v2\/posts\/1219"}],"collection":[{"href":"https:\/\/psicologosyterapiadf.com.mx\/blog\/wp-json\/wp\/v2\/posts"}],"about":[{"href":"https:\/\/psicologosyterapiadf.com.mx\/blog\/wp-json\/wp\/v2\/types\/post"}],"author":[{"embeddable":true,"href":"https:\/\/psicologosyterapiadf.com.mx\/blog\/wp-json\/wp\/v2\/users\/1"}],"replies":[{"embeddable":true,"href":"https:\/\/psicologosyterapiadf.com.mx\/blog\/wp-json\/wp\/v2\/comments?post=1219"}],"version-history":[{"count":0,"href":"https:\/\/psicologosyterapiadf.com.mx\/blog\/wp-json\/wp\/v2\/posts\/1219\/revisions"}],"wp:attachment":[{"href":"https:\/\/psicologosyterapiadf.com.mx\/blog\/wp-json\/wp\/v2\/media?parent=1219"}],"wp:term":[{"taxonomy":"category","embeddable":true,"href":"https:\/\/psicologosyterapiadf.com.mx\/blog\/wp-json\/wp\/v2\/categories?post=1219"},{"taxonomy":"post_tag","embeddable":true,"href":"https:\/\/psicologosyterapiadf.com.mx\/blog\/wp-json\/wp\/v2\/tags?post=1219"}],"curies":[{"name":"wp","href":"https:\/\/api.w.org\/{rel}","templated":true}]}}